{"id":31345,"date":"2026-04-08T10:11:02","date_gmt":"2026-04-08T13:11:02","guid":{"rendered":"https:\/\/www.saloanoticias.com\/v1\/?p=31345"},"modified":"2026-04-08T17:17:43","modified_gmt":"2026-04-08T20:17:43","slug":"saloa-realiza-evento-sobre-primeira-infancia-antirracista-nesta-quarta-8","status":"publish","type":"post","link":"https:\/\/www.saloanoticias.com\/v1\/saloa-realiza-evento-sobre-primeira-infancia-antirracista-nesta-quarta-8\/","title":{"rendered":"Salo\u00e1 realiza evento sobre Primeira Inf\u00e2ncia Antirracista nesta quarta (8)"},"content":{"rendered":"\n<p>A Secretaria de Assist\u00eancia Social e o Conselho Tutelar, realizam nesta quarta-feira (8), o evento \u201cPrimeira Inf\u00e2ncia Antirracista\u201d, no munic\u00edpio de Salo\u00e1. A programa\u00e7\u00e3o acontece das 8h \u00e0s 17h, na Escola Municipal S\u00e3o Vicente, reunindo profissionais que atuam no Sistema de Garantia de Direitos. O evento \u00e9 realizado por meio de uma parceria entre os \u00f3rg\u00e3os saloaenses e a Secretaria da Crian\u00e7a e Juventude do Estado de Pernambuco, fortalecendo a atua\u00e7\u00e3o conjunta em prol da prote\u00e7\u00e3o e promo\u00e7\u00e3o dos direitos da inf\u00e2ncia.<\/p>\n\n\n\n<p>A iniciativa integra uma estrat\u00e9gia de mobiliza\u00e7\u00e3o, sensibiliza\u00e7\u00e3o e forma\u00e7\u00e3o voltada \u00e0 reflex\u00e3o sobre os impactos do racismo no desenvolvimento infantil e \u00e0 constru\u00e7\u00e3o de pr\u00e1ticas institucionais mais humanizadas e antirracistas. O encontro dialoga com evid\u00eancias apresentadas pelo N\u00facleo iCi\u00eancia pela Inf\u00e2ncia e pelo UNICEF, que apontam como experi\u00eancias de discrimina\u00e7\u00e3o na inf\u00e2ncia podem comprometer o desenvolvimento emocional, a autoestima, a identidade e as oportunidades ao longo da vida.<\/p>\n\n\n\n<p>Durante a manh\u00e3, a programa\u00e7\u00e3o contar\u00e1 com momentos formativos abordando temas como os impactos do racismo na inf\u00e2ncia, vieses inconscientes e constru\u00e7\u00e3o de identidades, al\u00e9m de uma roda de di\u00e1logo com convidados. J\u00e1 no per\u00edodo da tarde, ser\u00e3o realizados grupos setoriais, incluindo o eixo da sa\u00fade, com foco no diagn\u00f3stico territorial, an\u00e1lise de dados e elabora\u00e7\u00e3o de propostas pr\u00e1ticas voltadas \u00e0 promo\u00e7\u00e3o da equidade racial no atendimento e cuidado \u00e0 primeira inf\u00e2ncia.<\/p>\n\n\n\n<p>A organiza\u00e7\u00e3o destaca que a participa\u00e7\u00e3o dos profissionais \u00e9 fundamental para o fortalecimento de uma atua\u00e7\u00e3o intersetorial comprometida com a garantia de direitos, a equidade racial e a promo\u00e7\u00e3o de uma inf\u00e2ncia mais saud\u00e1vel, protegida e valorizada.<\/p>\n<div style=\"margin-top: 0px; margin-bottom: 0px;\" class=\"sharethis-inline-share-buttons\" ><\/div>","protected":false},"excerpt":{"rendered":"<p>A Secretaria de Assist\u00eancia Social e o Conselho Tutelar, realizam nesta quarta-feira (8), o evento \u201cPrimeira Inf\u00e2ncia Antirracista\u201d, no munic\u00edpio de Salo\u00e1. A programa\u00e7\u00e3o acontece das 8h \u00e0s 17h, na Escola Municipal S\u00e3o Vicente, reunindo profissionais que atuam no Sistema de Garantia de Direitos. O evento \u00e9 realizado por meio de uma parceria entre os [&hellip;]<\/p>\n","protected":false},"author":1,"featured_media":31352,"comment_status":"closed","ping_status":"closed","sticky":false,"template":"","format":"standard","meta":{"footnotes":""},"categories":[21],"tags":[22],"class_list":["post-31345","post","type-post","status-publish","format-standard","has-post-thumbnail","hentry","category-cidade","tag-destaques"],"_links":{"self":[{"href":"https:\/\/www.saloanoticias.com\/v1\/wp-json\/wp\/v2\/posts\/31345","targetHints":{"allow":["GET"]}}],"collection":[{"href":"https:\/\/www.saloanoticias.com\/v1\/wp-json\/wp\/v2\/posts"}],"about":[{"href":"https:\/\/www.saloanoticias.com\/v1\/wp-json\/wp\/v2\/types\/post"}],"author":[{"embeddable":true,"href":"https:\/\/www.saloanoticias.com\/v1\/wp-json\/wp\/v2\/users\/1"}],"replies":[{"embeddable":true,"href":"https:\/\/www.saloanoticias.com\/v1\/wp-json\/wp\/v2\/comments?post=31345"}],"version-history":[{"count":6,"href":"https:\/\/www.saloanoticias.com\/v1\/wp-json\/wp\/v2\/posts\/31345\/revisions"}],"predecessor-version":[{"id":31356,"href":"https:\/\/www.saloanoticias.com\/v1\/wp-json\/wp\/v2\/posts\/31345\/revisions\/31356"}],"wp:featuredmedia":[{"embeddable":true,"href":"https:\/\/www.saloanoticias.com\/v1\/wp-json\/wp\/v2\/media\/31352"}],"wp:attachment":[{"href":"https:\/\/www.saloanoticias.com\/v1\/wp-json\/wp\/v2\/media?parent=31345"}],"wp:term":[{"taxonomy":"category","embeddable":true,"href":"https:\/\/www.saloanoticias.com\/v1\/wp-json\/wp\/v2\/categories?post=31345"},{"taxonomy":"post_tag","embeddable":true,"href":"https:\/\/www.saloanoticias.com\/v1\/wp-json\/wp\/v2\/tags?post=31345"}],"curies":[{"name":"wp","href":"https:\/\/api.w.org\/{rel}","templated":true}]}}