{"id":31169,"date":"2026-03-16T09:39:55","date_gmt":"2026-03-16T12:39:55","guid":{"rendered":"https:\/\/www.saloanoticias.com\/v1\/?p=31169"},"modified":"2026-03-16T09:44:39","modified_gmt":"2026-03-16T12:44:39","slug":"aniversariantes-da-semana-douglas-franca-e-henrique-birunda","status":"publish","type":"post","link":"https:\/\/www.saloanoticias.com\/v1\/aniversariantes-da-semana-douglas-franca-e-henrique-birunda\/","title":{"rendered":"Aniversariantes da Semana: Douglas Fran\u00e7a e Henrique Birunda"},"content":{"rendered":"\n<p>Dois nomes conhecidos em Salo\u00e1 celebraram idade nova na \u00faltima semana. O chefe do setor de transportes do munic\u00edpio, Henrique Birunda, e o vereador Douglas Fran\u00e7a foram os aniversariantes e receberam diversas felicita\u00e7\u00f5es de amigos, familiares e lideran\u00e7as locais. Henrique, que atua \u00e0 frente do almoxarifado municipal e no setor de transportes, foi bastante lembrado por colegas de trabalho e amigos, recebendo mensagens de reconhecimento pelo trabalho desenvolvido no munic\u00edpio.<\/p>\n\n\n\n<p>J\u00e1 o vereador Douglas Fran\u00e7a tamb\u00e9m foi homenageado pela passagem do seu anivers\u00e1rio. O parlamentar, que exerce mandato na C\u00e2mara Municipal, recebeu votos de sa\u00fade, sucesso e continuidade no trabalho em favor da popula\u00e7\u00e3o saloaense. Nas redes sociais, amigos, apoiadores e integrantes da gest\u00e3o municipal registraram mensagens destacando a import\u00e2ncia dos aniversariantes e desejando muitas conquistas e realiza\u00e7\u00f5es em suas trajet\u00f3rias pessoal e profissional.<\/p>\n\n\n\n<p><\/p>\n<div style=\"margin-top: 0px; margin-bottom: 0px;\" class=\"sharethis-inline-share-buttons\" ><\/div>","protected":false},"excerpt":{"rendered":"<p>Dois nomes conhecidos em Salo\u00e1 celebraram idade nova na \u00faltima semana. O chefe do setor de transportes do munic\u00edpio, Henrique Birunda, e o vereador Douglas Fran\u00e7a foram os aniversariantes e receberam diversas felicita\u00e7\u00f5es de amigos, familiares e lideran\u00e7as locais. Henrique, que atua \u00e0 frente do almoxarifado municipal e no setor de transportes, foi bastante lembrado [&hellip;]<\/p>\n","protected":false},"author":1,"featured_media":31170,"comment_status":"closed","ping_status":"closed","sticky":false,"template":"","format":"standard","meta":{"footnotes":""},"categories":[2],"tags":[22],"class_list":["post-31169","post","type-post","status-publish","format-standard","has-post-thumbnail","hentry","category-noticias-do-dia","tag-destaques"],"_links":{"self":[{"href":"https:\/\/www.saloanoticias.com\/v1\/wp-json\/wp\/v2\/posts\/31169","targetHints":{"allow":["GET"]}}],"collection":[{"href":"https:\/\/www.saloanoticias.com\/v1\/wp-json\/wp\/v2\/posts"}],"about":[{"href":"https:\/\/www.saloanoticias.com\/v1\/wp-json\/wp\/v2\/types\/post"}],"author":[{"embeddable":true,"href":"https:\/\/www.saloanoticias.com\/v1\/wp-json\/wp\/v2\/users\/1"}],"replies":[{"embeddable":true,"href":"https:\/\/www.saloanoticias.com\/v1\/wp-json\/wp\/v2\/comments?post=31169"}],"version-history":[{"count":2,"href":"https:\/\/www.saloanoticias.com\/v1\/wp-json\/wp\/v2\/posts\/31169\/revisions"}],"predecessor-version":[{"id":31172,"href":"https:\/\/www.saloanoticias.com\/v1\/wp-json\/wp\/v2\/posts\/31169\/revisions\/31172"}],"wp:featuredmedia":[{"embeddable":true,"href":"https:\/\/www.saloanoticias.com\/v1\/wp-json\/wp\/v2\/media\/31170"}],"wp:attachment":[{"href":"https:\/\/www.saloanoticias.com\/v1\/wp-json\/wp\/v2\/media?parent=31169"}],"wp:term":[{"taxonomy":"category","embeddable":true,"href":"https:\/\/www.saloanoticias.com\/v1\/wp-json\/wp\/v2\/categories?post=31169"},{"taxonomy":"post_tag","embeddable":true,"href":"https:\/\/www.saloanoticias.com\/v1\/wp-json\/wp\/v2\/tags?post=31169"}],"curies":[{"name":"wp","href":"https:\/\/api.w.org\/{rel}","templated":true}]}}