{"id":31156,"date":"2026-03-14T11:01:45","date_gmt":"2026-03-14T14:01:45","guid":{"rendered":"https:\/\/www.saloanoticias.com\/v1\/?p=31156"},"modified":"2026-03-14T13:52:31","modified_gmt":"2026-03-14T16:52:31","slug":"saloa-recebe-mais-um-trator-0-km-com-grade-aradora","status":"publish","type":"post","link":"https:\/\/www.saloanoticias.com\/v1\/saloa-recebe-mais-um-trator-0-km-com-grade-aradora\/","title":{"rendered":"Prefeito de Salo\u00e1 recebe mais um trator 0km com grade aradora"},"content":{"rendered":"\n<p>O munic\u00edpio de Salo\u00e1 segue fortalecendo a estrutura de apoio ao homem do campo. Nesta sexta-feira (13), o prefeito J\u00fanior de Rivaldo recebeu, na cidade de Garanhuns, mais um trator 0 km acompanhado de uma grade aradora, equipamento que chega ao munic\u00edpio por meio de emenda parlamentar do deputado estadual Izaiast R\u00e9gis.<\/p>\n\n\n\n<p>O novo equipamento dever\u00e1 refor\u00e7ar os servi\u00e7os de prepara\u00e7\u00e3o do solo e apoio \u00e0s atividades agr\u00edcolas, beneficiando diretamente os produtores rurais de Salo\u00e1 e contribuindo para o fortalecimento da agricultura no munic\u00edpio.<\/p>\n\n\n\n<p>De acordo com o prefeito J\u00fanior de Rivaldo, a chegada do trator representa mais um avan\u00e7o para a zona rural, garantindo melhores condi\u00e7\u00f5es de trabalho para os agricultores e ampliando a capacidade de atendimento da prefeitura.<\/p>\n\n\n\n<p>A atual gest\u00e3o municipal tem investido na renova\u00e7\u00e3o e amplia\u00e7\u00e3o da frota de ve\u00edculos e m\u00e1quinas, buscando melhorar a presta\u00e7\u00e3o de servi\u00e7os \u00e0 popula\u00e7\u00e3o. Com a aquisi\u00e7\u00e3o de novos equipamentos e ve\u00edculos, a prefeitura vem modernizando sua estrutura e fortalecendo as a\u00e7\u00f5es voltadas ao desenvolvimento do munic\u00edpio.<\/p>\n\n\n\n<p>O prefeito tamb\u00e9m destacou a import\u00e2ncia da parceria com o deputado Izaias R\u00e9gis, respons\u00e1vel por destinar a emenda que possibilitou a chegada do novo trator para Salo\u00e1.<\/p>\n\n\n<div class=\"wp-block-image\">\n<figure class=\"aligncenter size-large\"><img loading=\"lazy\" decoding=\"async\" width=\"767\" height=\"1024\" src=\"https:\/\/www.saloanoticias.com\/v1\/wp-content\/uploads\/2026\/03\/IMG_2767-767x1024.jpeg\" alt=\"\" class=\"wp-image-31159\" srcset=\"https:\/\/www.saloanoticias.com\/v1\/wp-content\/uploads\/2026\/03\/IMG_2767-767x1024.jpeg 767w, https:\/\/www.saloanoticias.com\/v1\/wp-content\/uploads\/2026\/03\/IMG_2767-225x300.jpeg 225w, https:\/\/www.saloanoticias.com\/v1\/wp-content\/uploads\/2026\/03\/IMG_2767-768x1026.jpeg 768w, https:\/\/www.saloanoticias.com\/v1\/wp-content\/uploads\/2026\/03\/IMG_2767-1150x1536.jpeg 1150w, https:\/\/www.saloanoticias.com\/v1\/wp-content\/uploads\/2026\/03\/IMG_2767.jpeg 1320w\" sizes=\"auto, (max-width: 767px) 100vw, 767px\" \/><\/figure>\n<\/div><div style=\"margin-top: 0px; margin-bottom: 0px;\" class=\"sharethis-inline-share-buttons\" ><\/div>","protected":false},"excerpt":{"rendered":"<p>O munic\u00edpio de Salo\u00e1 segue fortalecendo a estrutura de apoio ao homem do campo. Nesta sexta-feira (13), o prefeito J\u00fanior de Rivaldo recebeu, na cidade de Garanhuns, mais um trator 0 km acompanhado de uma grade aradora, equipamento que chega ao munic\u00edpio por meio de emenda parlamentar do deputado estadual Izaiast R\u00e9gis. O novo equipamento [&hellip;]<\/p>\n","protected":false},"author":1,"featured_media":31157,"comment_status":"closed","ping_status":"closed","sticky":false,"template":"","format":"standard","meta":{"footnotes":""},"categories":[21],"tags":[22],"class_list":["post-31156","post","type-post","status-publish","format-standard","has-post-thumbnail","hentry","category-cidade","tag-destaques"],"_links":{"self":[{"href":"https:\/\/www.saloanoticias.com\/v1\/wp-json\/wp\/v2\/posts\/31156","targetHints":{"allow":["GET"]}}],"collection":[{"href":"https:\/\/www.saloanoticias.com\/v1\/wp-json\/wp\/v2\/posts"}],"about":[{"href":"https:\/\/www.saloanoticias.com\/v1\/wp-json\/wp\/v2\/types\/post"}],"author":[{"embeddable":true,"href":"https:\/\/www.saloanoticias.com\/v1\/wp-json\/wp\/v2\/users\/1"}],"replies":[{"embeddable":true,"href":"https:\/\/www.saloanoticias.com\/v1\/wp-json\/wp\/v2\/comments?post=31156"}],"version-history":[{"count":4,"href":"https:\/\/www.saloanoticias.com\/v1\/wp-json\/wp\/v2\/posts\/31156\/revisions"}],"predecessor-version":[{"id":31162,"href":"https:\/\/www.saloanoticias.com\/v1\/wp-json\/wp\/v2\/posts\/31156\/revisions\/31162"}],"wp:featuredmedia":[{"embeddable":true,"href":"https:\/\/www.saloanoticias.com\/v1\/wp-json\/wp\/v2\/media\/31157"}],"wp:attachment":[{"href":"https:\/\/www.saloanoticias.com\/v1\/wp-json\/wp\/v2\/media?parent=31156"}],"wp:term":[{"taxonomy":"category","embeddable":true,"href":"https:\/\/www.saloanoticias.com\/v1\/wp-json\/wp\/v2\/categories?post=31156"},{"taxonomy":"post_tag","embeddable":true,"href":"https:\/\/www.saloanoticias.com\/v1\/wp-json\/wp\/v2\/tags?post=31156"}],"curies":[{"name":"wp","href":"https:\/\/api.w.org\/{rel}","templated":true}]}}