{"id":31151,"date":"2026-03-13T20:37:30","date_gmt":"2026-03-13T23:37:30","guid":{"rendered":"https:\/\/www.saloanoticias.com\/v1\/?p=31151"},"modified":"2026-03-13T20:37:31","modified_gmt":"2026-03-13T23:37:31","slug":"acidente-envolvendo-tres-veiculos-e-registrado-na-pe-223-em-saloa-na-noite-desta-sexta-feira-13","status":"publish","type":"post","link":"https:\/\/www.saloanoticias.com\/v1\/acidente-envolvendo-tres-veiculos-e-registrado-na-pe-223-em-saloa-na-noite-desta-sexta-feira-13\/","title":{"rendered":"Acidente envolvendo tr\u00eas ve\u00edculos \u00e9 registrado na PE-223, em Salo\u00e1, na noite desta sexta-feira (13)"},"content":{"rendered":"\n<p>Um acidente de tr\u00e2nsito foi registrado na noite desta sexta-feira (13) na rodovia PE-216, no trecho que liga o Posto Alto da Serra ao munic\u00edpio de Salo\u00e1, no Agreste Meridional de Pernambuco. De acordo com informa\u00e7\u00f5es apuradas no local, o acidente envolveu tr\u00eas ve\u00edculos. Um Fiat Palio de cor cinza, placa KGN-1341, teria atingido outros dois carros que trafegavam pela rodovia e, ap\u00f3s a colis\u00e3o, acabou saindo da pista e invadindo a cerca de uma propriedade rural \u00e0s margens da estrada.<\/p>\n\n\n\n<p>Apesar do impacto e dos danos causados nos ve\u00edculos, n\u00e3o houve registro de v\u00edtimas, sendo contabilizados apenas preju\u00edzos materiais. A Pol\u00edcia Militar de Pernambuco foi acionada e esteve no local realizando os primeiros levantamentos sobre o ocorrido. Segundo as informa\u00e7\u00f5es iniciais, o condutor do Fiat Palio n\u00e3o foi identificado at\u00e9 o momento.<\/p>\n\n\n<div class=\"wp-block-image\">\n<figure class=\"aligncenter size-large\"><img loading=\"lazy\" decoding=\"async\" width=\"1024\" height=\"576\" src=\"https:\/\/www.saloanoticias.com\/v1\/wp-content\/uploads\/2026\/03\/IMG_2749-1024x576.jpeg\" alt=\"\" class=\"wp-image-31154\" srcset=\"https:\/\/www.saloanoticias.com\/v1\/wp-content\/uploads\/2026\/03\/IMG_2749-1024x576.jpeg 1024w, https:\/\/www.saloanoticias.com\/v1\/wp-content\/uploads\/2026\/03\/IMG_2749-300x169.jpeg 300w, https:\/\/www.saloanoticias.com\/v1\/wp-content\/uploads\/2026\/03\/IMG_2749-768x432.jpeg 768w, https:\/\/www.saloanoticias.com\/v1\/wp-content\/uploads\/2026\/03\/IMG_2749-1536x864.jpeg 1536w, https:\/\/www.saloanoticias.com\/v1\/wp-content\/uploads\/2026\/03\/IMG_2749-2048x1152.jpeg 2048w\" sizes=\"auto, (max-width: 1024px) 100vw, 1024px\" \/><\/figure>\n<\/div>\n\n\n<p>O tr\u00e2nsito no trecho chegou a ficar parcialmente lento enquanto a situa\u00e7\u00e3o era controlada e os ve\u00edculos eram retirados da pista. As circunst\u00e2ncias do acidente ainda dever\u00e3o ser esclarecidas pelas autoridades.<\/p>\n\n\n<div class=\"wp-block-image\">\n<figure class=\"aligncenter size-large\"><img loading=\"lazy\" decoding=\"async\" width=\"1024\" height=\"576\" src=\"https:\/\/www.saloanoticias.com\/v1\/wp-content\/uploads\/2026\/03\/IMG_2755-1024x576.jpeg\" alt=\"\" class=\"wp-image-31153\" srcset=\"https:\/\/www.saloanoticias.com\/v1\/wp-content\/uploads\/2026\/03\/IMG_2755-1024x576.jpeg 1024w, https:\/\/www.saloanoticias.com\/v1\/wp-content\/uploads\/2026\/03\/IMG_2755-300x169.jpeg 300w, https:\/\/www.saloanoticias.com\/v1\/wp-content\/uploads\/2026\/03\/IMG_2755-768x432.jpeg 768w, https:\/\/www.saloanoticias.com\/v1\/wp-content\/uploads\/2026\/03\/IMG_2755-1536x864.jpeg 1536w, https:\/\/www.saloanoticias.com\/v1\/wp-content\/uploads\/2026\/03\/IMG_2755-2048x1152.jpeg 2048w\" sizes=\"auto, (max-width: 1024px) 100vw, 1024px\" \/><\/figure>\n<\/div><div style=\"margin-top: 0px; margin-bottom: 0px;\" class=\"sharethis-inline-share-buttons\" ><\/div>","protected":false},"excerpt":{"rendered":"<p>Um acidente de tr\u00e2nsito foi registrado na noite desta sexta-feira (13) na rodovia PE-216, no trecho que liga o Posto Alto da Serra ao munic\u00edpio de Salo\u00e1, no Agreste Meridional de Pernambuco. De acordo com informa\u00e7\u00f5es apuradas no local, o acidente envolveu tr\u00eas ve\u00edculos. Um Fiat Palio de cor cinza, placa KGN-1341, teria atingido outros [&hellip;]<\/p>\n","protected":false},"author":1,"featured_media":31152,"comment_status":"closed","ping_status":"closed","sticky":false,"template":"","format":"standard","meta":{"footnotes":""},"categories":[19],"tags":[22],"class_list":["post-31151","post","type-post","status-publish","format-standard","has-post-thumbnail","hentry","category-policial","tag-destaques"],"_links":{"self":[{"href":"https:\/\/www.saloanoticias.com\/v1\/wp-json\/wp\/v2\/posts\/31151","targetHints":{"allow":["GET"]}}],"collection":[{"href":"https:\/\/www.saloanoticias.com\/v1\/wp-json\/wp\/v2\/posts"}],"about":[{"href":"https:\/\/www.saloanoticias.com\/v1\/wp-json\/wp\/v2\/types\/post"}],"author":[{"embeddable":true,"href":"https:\/\/www.saloanoticias.com\/v1\/wp-json\/wp\/v2\/users\/1"}],"replies":[{"embeddable":true,"href":"https:\/\/www.saloanoticias.com\/v1\/wp-json\/wp\/v2\/comments?post=31151"}],"version-history":[{"count":1,"href":"https:\/\/www.saloanoticias.com\/v1\/wp-json\/wp\/v2\/posts\/31151\/revisions"}],"predecessor-version":[{"id":31155,"href":"https:\/\/www.saloanoticias.com\/v1\/wp-json\/wp\/v2\/posts\/31151\/revisions\/31155"}],"wp:featuredmedia":[{"embeddable":true,"href":"https:\/\/www.saloanoticias.com\/v1\/wp-json\/wp\/v2\/media\/31152"}],"wp:attachment":[{"href":"https:\/\/www.saloanoticias.com\/v1\/wp-json\/wp\/v2\/media?parent=31151"}],"wp:term":[{"taxonomy":"category","embeddable":true,"href":"https:\/\/www.saloanoticias.com\/v1\/wp-json\/wp\/v2\/categories?post=31151"},{"taxonomy":"post_tag","embeddable":true,"href":"https:\/\/www.saloanoticias.com\/v1\/wp-json\/wp\/v2\/tags?post=31151"}],"curies":[{"name":"wp","href":"https:\/\/api.w.org\/{rel}","templated":true}]}}