{"id":31146,"date":"2026-03-12T20:54:53","date_gmt":"2026-03-12T23:54:53","guid":{"rendered":"https:\/\/www.saloanoticias.com\/v1\/?p=31146"},"modified":"2026-03-12T21:14:36","modified_gmt":"2026-03-13T00:14:36","slug":"caravana-do-sesc-leva-servicos-de-saude-cultura-e-lazer-a-populacao-de-saloa-nesta-sexta-feira-13","status":"publish","type":"post","link":"https:\/\/www.saloanoticias.com\/v1\/caravana-do-sesc-leva-servicos-de-saude-cultura-e-lazer-a-populacao-de-saloa-nesta-sexta-feira-13\/","title":{"rendered":"Caravana do Sesc leva servi\u00e7os de sa\u00fade, cultura e lazer \u00e0 popula\u00e7\u00e3o de Salo\u00e1 nesta sexta-feira (13)"},"content":{"rendered":"\n<p>A Caravana do Servi\u00e7o Social do Com\u00e9rcio (SESC) realiza nesta sexta-feira uma grande programa\u00e7\u00e3o de servi\u00e7os, cultura, lazer e cidadania no munic\u00edpio de Salo\u00e1. As atividades acontecer\u00e3o das 9h \u00e0s 16h, na Escola S\u00e3o Vicente, reunindo atendimentos gratuitos voltados para sa\u00fade, educa\u00e7\u00e3o, tecnologia e recrea\u00e7\u00e3o para a popula\u00e7\u00e3o.<\/p>\n\n\n\n<p>A programa\u00e7\u00e3o ter\u00e1 in\u00edcio \u00e0s 9h, com o acolhimento \u201cCaf\u00e9 com Poesia\u201d, que contar\u00e1 com apresenta\u00e7\u00e3o cultural conduzida por Ewerton, marcando a abertura oficial do evento. Em seguida, \u00e0s 9h30, o p\u00fablico poder\u00e1 participar da atividade \u201cBora Acordar\u201d, uma sess\u00e3o de gin\u00e1stica laboral com alongamento coletivo, conduzida por Jo\u00e3o Paullo.<\/p>\n\n\n\n<p>Durante todo o dia, das 9h30 \u00e0s 15h30, diversos servi\u00e7os estar\u00e3o dispon\u00edveis para a comunidade. Na \u00e1rea de sa\u00fade, ser\u00e3o oferecidos atendimentos como aferi\u00e7\u00e3o de press\u00e3o arterial, teste de glicemia, avalia\u00e7\u00e3o f\u00edsica com c\u00e1lculo do IMC, teste de acuidade visual e orienta\u00e7\u00f5es sobre autocuidado e preven\u00e7\u00e3o. As a\u00e7\u00f5es contam com a parceria do Sesc, Servi\u00e7o Nacional de Aprendizagem Comercial, UNINASSAU, \u00d3tica DNZ e da Secretaria Municipal de Sa\u00fade de Salo\u00e1.<\/p>\n\n\n\n<p>Na \u00e1rea de educa\u00e7\u00e3o e tecnologia, o p\u00fablico poder\u00e1 conhecer o Espa\u00e7o TecnoPoint, com experi\u00eancias interativas como \u00f3culos de realidade virtual, demonstra\u00e7\u00f5es de rob\u00f3tica e uso de canetas 3D, atividade coordenada por Lucas Lopes, do Sesc.<\/p>\n\n\n\n<p>A programa\u00e7\u00e3o tamb\u00e9m inclui atividades voltadas para o p\u00fablico infantil e fam\u00edlias, como a Hora do Brincar, com jogos gigantes, brincadeiras recreativas, jogos cooperativos, circuito kids e brincadeiras cantadas, organizadas pela equipe de recrea\u00e7\u00e3o do Sesc com apoio de Joelma e Rikelly.<\/p>\n\n\n\n<p>Outro destaque ser\u00e1 a Biblioteca Ambulante, com exposi\u00e7\u00e3o de livros, cantinho da leitura mediada e rodas de conversa, conduzidas por Rennata e Luciana, da unidade do Sesc em Garanhuns. Haver\u00e1 ainda a Tenda do Saber, com jogos pedag\u00f3gicos coordenados por Ariane Wanderley.<\/p>\n\n\n\n<p>Entre as a\u00e7\u00f5es educativas est\u00e1 tamb\u00e9m a instala\u00e7\u00e3o do Banco Vermelho, iniciativa de conscientiza\u00e7\u00e3o sobre o combate \u00e0 viol\u00eancia contra a mulher, que contar\u00e1 com rodas de di\u00e1logo e sensibiliza\u00e7\u00e3o conduzidas por Jaqueline Gomes, dentro das atividades de Educa\u00e7\u00e3o de Jovens e Adultos do Sesc.<\/p>\n\n\n\n<p>A programa\u00e7\u00e3o inclui ainda oficina de tran\u00e7a nag\u00f4, conduzida por Juliana Miranda, al\u00e9m da oficina de economia criativa, com produ\u00e7\u00e3o de canetas artesanais, realizada em dois hor\u00e1rios: \u00e0s 9h30 e \u00e0s 13h30, sob orienta\u00e7\u00e3o de Fernanda Danielle.<\/p>\n\n\n\n<p>Um stand informativo tamb\u00e9m estar\u00e1 dispon\u00edvel ao p\u00fablico com orienta\u00e7\u00f5es sobre credenciais e divulga\u00e7\u00e3o dos servi\u00e7os do Sesc, coordenado por Diego Pl\u00e1cido. O encerramento da Caravana est\u00e1 previsto para 16h, com um momento cultural apresentado pelo N\u00facleo de Juventude. Ao todo, cerca de 45 profissionais, entre colaboradores do Sesc e parceiros, estar\u00e3o envolvidos na realiza\u00e7\u00e3o das atividades.<\/p>\n\n\n\n<p>A iniciativa tem como objetivo aproximar servi\u00e7os essenciais da popula\u00e7\u00e3o, promovendo bem-estar, educa\u00e7\u00e3o, cultura e lazer em um \u00fanico espa\u00e7o, fortalecendo a integra\u00e7\u00e3o comunit\u00e1ria e ampliando o acesso a a\u00e7\u00f5es sociais no munic\u00edpio.<\/p>\n\n\n\n<p><\/p>\n<div style=\"margin-top: 0px; margin-bottom: 0px;\" class=\"sharethis-inline-share-buttons\" ><\/div>","protected":false},"excerpt":{"rendered":"<p>A Caravana do Servi\u00e7o Social do Com\u00e9rcio (SESC) realiza nesta sexta-feira uma grande programa\u00e7\u00e3o de servi\u00e7os, cultura, lazer e cidadania no munic\u00edpio de Salo\u00e1. As atividades acontecer\u00e3o das 9h \u00e0s 16h, na Escola S\u00e3o Vicente, reunindo atendimentos gratuitos voltados para sa\u00fade, educa\u00e7\u00e3o, tecnologia e recrea\u00e7\u00e3o para a popula\u00e7\u00e3o. A programa\u00e7\u00e3o ter\u00e1 in\u00edcio \u00e0s 9h, com [&hellip;]<\/p>\n","protected":false},"author":1,"featured_media":31147,"comment_status":"closed","ping_status":"closed","sticky":false,"template":"","format":"standard","meta":{"footnotes":""},"categories":[21],"tags":[22],"class_list":["post-31146","post","type-post","status-publish","format-standard","has-post-thumbnail","hentry","category-cidade","tag-destaques"],"_links":{"self":[{"href":"https:\/\/www.saloanoticias.com\/v1\/wp-json\/wp\/v2\/posts\/31146","targetHints":{"allow":["GET"]}}],"collection":[{"href":"https:\/\/www.saloanoticias.com\/v1\/wp-json\/wp\/v2\/posts"}],"about":[{"href":"https:\/\/www.saloanoticias.com\/v1\/wp-json\/wp\/v2\/types\/post"}],"author":[{"embeddable":true,"href":"https:\/\/www.saloanoticias.com\/v1\/wp-json\/wp\/v2\/users\/1"}],"replies":[{"embeddable":true,"href":"https:\/\/www.saloanoticias.com\/v1\/wp-json\/wp\/v2\/comments?post=31146"}],"version-history":[{"count":3,"href":"https:\/\/www.saloanoticias.com\/v1\/wp-json\/wp\/v2\/posts\/31146\/revisions"}],"predecessor-version":[{"id":31150,"href":"https:\/\/www.saloanoticias.com\/v1\/wp-json\/wp\/v2\/posts\/31146\/revisions\/31150"}],"wp:featuredmedia":[{"embeddable":true,"href":"https:\/\/www.saloanoticias.com\/v1\/wp-json\/wp\/v2\/media\/31147"}],"wp:attachment":[{"href":"https:\/\/www.saloanoticias.com\/v1\/wp-json\/wp\/v2\/media?parent=31146"}],"wp:term":[{"taxonomy":"category","embeddable":true,"href":"https:\/\/www.saloanoticias.com\/v1\/wp-json\/wp\/v2\/categories?post=31146"},{"taxonomy":"post_tag","embeddable":true,"href":"https:\/\/www.saloanoticias.com\/v1\/wp-json\/wp\/v2\/tags?post=31146"}],"curies":[{"name":"wp","href":"https:\/\/api.w.org\/{rel}","templated":true}]}}