{"id":31128,"date":"2026-03-07T13:59:11","date_gmt":"2026-03-07T16:59:11","guid":{"rendered":"https:\/\/www.saloanoticias.com\/v1\/?p=31128"},"modified":"2026-03-07T16:15:39","modified_gmt":"2026-03-07T19:15:39","slug":"nota-de-falecimento-maria-do-carmo-cardeal","status":"publish","type":"post","link":"https:\/\/www.saloanoticias.com\/v1\/nota-de-falecimento-maria-do-carmo-cardeal\/","title":{"rendered":"Nota de Falecimento: Maria do Carmo Cardeal (Carminha de Naro Por\u00f3)"},"content":{"rendered":"\n<p>A fam\u00edlia enlutada comunica, com profundo pesar, o falecimento da senhora Maria do Carmo Cardeal, carinhosamente conhecida como Dona Carminha de Sr. Naro Por\u00f3. Seus filhos, genros, netos e bisnetos, consternados com a perda, convidam parentes, amigos e toda a comunidade para participarem do sepultamento, que acontecer\u00e1 neste domingo, dia 08 de mar\u00e7o, \u00e0s 16h.<\/p>\n\n\n\n<p>O cortejo f\u00fanebre sair\u00e1 de sua resid\u00eancia, localizada na Rua Arc\u00f4ncio Ten\u00f3rio, no Loteamento Pedro Gago, com destino ao Cemit\u00e9rio Santa Quit\u00e9ria, no munic\u00edpio de Salo\u00e1. O vel\u00f3rio est\u00e1 sendo realizado na resid\u00eancia da fam\u00edlia, onde parentes e amigos prestam as \u00faltimas homenagens.<\/p>\n\n\n\n<p>Desde j\u00e1, a fam\u00edlia agradece a todos que comparecerem a este ato de f\u00e9, solidariedade e piedade crist\u00e3, demonstrando apoio e carinho neste momento de dor e despedida.<\/p>\n<div style=\"margin-top: 0px; margin-bottom: 0px;\" class=\"sharethis-inline-share-buttons\" ><\/div>","protected":false},"excerpt":{"rendered":"<p>A fam\u00edlia enlutada comunica, com profundo pesar, o falecimento da senhora Maria do Carmo Cardeal, carinhosamente conhecida como Dona Carminha de Sr. Naro Por\u00f3. Seus filhos, genros, netos e bisnetos, consternados com a perda, convidam parentes, amigos e toda a comunidade para participarem do sepultamento, que acontecer\u00e1 neste domingo, dia 08 de mar\u00e7o, \u00e0s 16h. [&hellip;]<\/p>\n","protected":false},"author":1,"featured_media":31129,"comment_status":"closed","ping_status":"closed","sticky":false,"template":"","format":"standard","meta":{"footnotes":""},"categories":[2],"tags":[22],"class_list":["post-31128","post","type-post","status-publish","format-standard","has-post-thumbnail","hentry","category-noticias-do-dia","tag-destaques"],"_links":{"self":[{"href":"https:\/\/www.saloanoticias.com\/v1\/wp-json\/wp\/v2\/posts\/31128","targetHints":{"allow":["GET"]}}],"collection":[{"href":"https:\/\/www.saloanoticias.com\/v1\/wp-json\/wp\/v2\/posts"}],"about":[{"href":"https:\/\/www.saloanoticias.com\/v1\/wp-json\/wp\/v2\/types\/post"}],"author":[{"embeddable":true,"href":"https:\/\/www.saloanoticias.com\/v1\/wp-json\/wp\/v2\/users\/1"}],"replies":[{"embeddable":true,"href":"https:\/\/www.saloanoticias.com\/v1\/wp-json\/wp\/v2\/comments?post=31128"}],"version-history":[{"count":4,"href":"https:\/\/www.saloanoticias.com\/v1\/wp-json\/wp\/v2\/posts\/31128\/revisions"}],"predecessor-version":[{"id":31133,"href":"https:\/\/www.saloanoticias.com\/v1\/wp-json\/wp\/v2\/posts\/31128\/revisions\/31133"}],"wp:featuredmedia":[{"embeddable":true,"href":"https:\/\/www.saloanoticias.com\/v1\/wp-json\/wp\/v2\/media\/31129"}],"wp:attachment":[{"href":"https:\/\/www.saloanoticias.com\/v1\/wp-json\/wp\/v2\/media?parent=31128"}],"wp:term":[{"taxonomy":"category","embeddable":true,"href":"https:\/\/www.saloanoticias.com\/v1\/wp-json\/wp\/v2\/categories?post=31128"},{"taxonomy":"post_tag","embeddable":true,"href":"https:\/\/www.saloanoticias.com\/v1\/wp-json\/wp\/v2\/tags?post=31128"}],"curies":[{"name":"wp","href":"https:\/\/api.w.org\/{rel}","templated":true}]}}