{"id":31120,"date":"2026-03-07T10:49:26","date_gmt":"2026-03-07T13:49:26","guid":{"rendered":"https:\/\/www.saloanoticias.com\/v1\/?p=31120"},"modified":"2026-03-07T11:13:14","modified_gmt":"2026-03-07T14:13:14","slug":"31120-2","status":"publish","type":"post","link":"https:\/\/www.saloanoticias.com\/v1\/31120-2\/","title":{"rendered":"Salo\u00e1 segue firme na defesa dos direitos das mulheres"},"content":{"rendered":"\n<p>A Coordenadoria da Mulher de Salo\u00e1 marcou presen\u00e7a, nesta quinta-feira (05), em importantes agendas promovidas pelo Governo do Estado de Pernambuco, voltadas ao fortalecimento das pol\u00edticas p\u00fablicas para as mulheres. Pela manh\u00e3, a Coordenadora da Mulher participou de uma forma\u00e7\u00e3o sobre o enfrentamento \u00e0 viol\u00eancia dom\u00e9stica contra as mulheres, realizada na Secretaria da Mulher do Estado, com a presen\u00e7a da secret\u00e1ria estadual Juliana Gouveia e sua equipe.<\/p>\n\n\n\n<p>O encontro reuniu representantes de mais de 100 munic\u00edpios pernambucanos, entre secret\u00e1rias e coordenadoras municipais. No per\u00edodo da tarde, ela esteve em um encontro com a governadora Raquel Lyra e demais secret\u00e1rios estaduais, no Pal\u00e1cio do Campo das Princesas, no Recife, onde foram assinados importantes projetos voltados para o fortalecimento das a\u00e7\u00f5es em defesa das mulheres em todo o estado.<\/p>\n\n\n\n<p>Entre os lan\u00e7amentos anunciados: Festival de Empreendedorismo Feminino \u2013 com a\u00e7\u00f5es em 12 regionais; Caravana da Mulher \u2013 contemplando 184 munic\u00edpios; Cria\u00e7\u00e3o do NEGS em todas as Escolas Estaduais. Segundo Mar\u00edlia a Coordenadoria segue firme no compromisso de fortalecer pol\u00edticas p\u00fablicas que garantam mais direitos, oportunidades, prote\u00e7\u00e3o e qualidade de vida para todas as mulheres.<\/p>\n\n\n<div class=\"wp-block-image\">\n<figure class=\"aligncenter size-large\"><img loading=\"lazy\" decoding=\"async\" width=\"1024\" height=\"683\" src=\"https:\/\/www.saloanoticias.com\/v1\/wp-content\/uploads\/2026\/03\/0fcfe7b0-35bc-4a72-8bef-e674bf3d4705-1024x683.jpeg\" alt=\"\" class=\"wp-image-31126\" srcset=\"https:\/\/www.saloanoticias.com\/v1\/wp-content\/uploads\/2026\/03\/0fcfe7b0-35bc-4a72-8bef-e674bf3d4705-1024x683.jpeg 1024w, https:\/\/www.saloanoticias.com\/v1\/wp-content\/uploads\/2026\/03\/0fcfe7b0-35bc-4a72-8bef-e674bf3d4705-300x200.jpeg 300w, https:\/\/www.saloanoticias.com\/v1\/wp-content\/uploads\/2026\/03\/0fcfe7b0-35bc-4a72-8bef-e674bf3d4705-768x512.jpeg 768w, https:\/\/www.saloanoticias.com\/v1\/wp-content\/uploads\/2026\/03\/0fcfe7b0-35bc-4a72-8bef-e674bf3d4705.jpeg 1296w\" sizes=\"auto, (max-width: 1024px) 100vw, 1024px\" \/><\/figure>\n<\/div><div style=\"margin-top: 0px; margin-bottom: 0px;\" class=\"sharethis-inline-share-buttons\" ><\/div>","protected":false},"excerpt":{"rendered":"<p>A Coordenadoria da Mulher de Salo\u00e1 marcou presen\u00e7a, nesta quinta-feira (05), em importantes agendas promovidas pelo Governo do Estado de Pernambuco, voltadas ao fortalecimento das pol\u00edticas p\u00fablicas para as mulheres. Pela manh\u00e3, a Coordenadora da Mulher participou de uma forma\u00e7\u00e3o sobre o enfrentamento \u00e0 viol\u00eancia dom\u00e9stica contra as mulheres, realizada na Secretaria da Mulher do [&hellip;]<\/p>\n","protected":false},"author":1,"featured_media":31123,"comment_status":"closed","ping_status":"closed","sticky":false,"template":"","format":"standard","meta":{"footnotes":""},"categories":[21],"tags":[22],"class_list":["post-31120","post","type-post","status-publish","format-standard","has-post-thumbnail","hentry","category-cidade","tag-destaques"],"_links":{"self":[{"href":"https:\/\/www.saloanoticias.com\/v1\/wp-json\/wp\/v2\/posts\/31120","targetHints":{"allow":["GET"]}}],"collection":[{"href":"https:\/\/www.saloanoticias.com\/v1\/wp-json\/wp\/v2\/posts"}],"about":[{"href":"https:\/\/www.saloanoticias.com\/v1\/wp-json\/wp\/v2\/types\/post"}],"author":[{"embeddable":true,"href":"https:\/\/www.saloanoticias.com\/v1\/wp-json\/wp\/v2\/users\/1"}],"replies":[{"embeddable":true,"href":"https:\/\/www.saloanoticias.com\/v1\/wp-json\/wp\/v2\/comments?post=31120"}],"version-history":[{"count":3,"href":"https:\/\/www.saloanoticias.com\/v1\/wp-json\/wp\/v2\/posts\/31120\/revisions"}],"predecessor-version":[{"id":31127,"href":"https:\/\/www.saloanoticias.com\/v1\/wp-json\/wp\/v2\/posts\/31120\/revisions\/31127"}],"wp:featuredmedia":[{"embeddable":true,"href":"https:\/\/www.saloanoticias.com\/v1\/wp-json\/wp\/v2\/media\/31123"}],"wp:attachment":[{"href":"https:\/\/www.saloanoticias.com\/v1\/wp-json\/wp\/v2\/media?parent=31120"}],"wp:term":[{"taxonomy":"category","embeddable":true,"href":"https:\/\/www.saloanoticias.com\/v1\/wp-json\/wp\/v2\/categories?post=31120"},{"taxonomy":"post_tag","embeddable":true,"href":"https:\/\/www.saloanoticias.com\/v1\/wp-json\/wp\/v2\/tags?post=31120"}],"curies":[{"name":"wp","href":"https:\/\/api.w.org\/{rel}","templated":true}]}}