{"id":30846,"date":"2026-01-30T20:25:51","date_gmt":"2026-01-30T23:25:51","guid":{"rendered":"https:\/\/www.saloanoticias.com\/v1\/?p=30846"},"modified":"2026-01-30T20:29:04","modified_gmt":"2026-01-30T23:29:04","slug":"homem-fica-em-estado-grave-apos-cair-de-carroca-em-saloa","status":"publish","type":"post","link":"https:\/\/www.saloanoticias.com\/v1\/homem-fica-em-estado-grave-apos-cair-de-carroca-em-saloa\/","title":{"rendered":"Homem fica em estado grave ap\u00f3s cair de carro\u00e7a de burro em Salo\u00e1"},"content":{"rendered":"\n<p>Um homem de 39 anos, conhecido como Jair da Silva, ficou gravemente ferido ap\u00f3s sofrer um acidente na tarde da \u00faltima quarta-feira (28), no munic\u00edpio de Salo\u00e1, no Agreste Meridional de Pernambuco. De acordo com as informa\u00e7\u00f5es, ele caiu de uma carro\u00e7a de burro, sofrendo traumatismo craniano e perfura\u00e7\u00e3o nos pulm\u00f5es.<\/p>\n\n\n\n<p>Jair recebeu os primeiros socorros no hospital da cidade de Salo\u00e1 e, devido \u00e0 gravidade do seu estado de sa\u00fade, foi transferido para o Hospital da Restaura\u00e7\u00e3o, no Recife, onde permanece internado em estado grave, sob cuidados intensivos.<\/p>\n\n\n\n<p>As circunst\u00e2ncias do acidente n\u00e3o foram detalhadas. Familiares e amigos seguem na expectativa por novas informa\u00e7\u00f5es e torcem pela recupera\u00e7\u00e3o da v\u00edtima.<\/p>\n<div style=\"margin-top: 0px; margin-bottom: 0px;\" class=\"sharethis-inline-share-buttons\" ><\/div>","protected":false},"excerpt":{"rendered":"<p>Um homem de 39 anos, conhecido como Jair da Silva, ficou gravemente ferido ap\u00f3s sofrer um acidente na tarde da \u00faltima quarta-feira (28), no munic\u00edpio de Salo\u00e1, no Agreste Meridional de Pernambuco. De acordo com as informa\u00e7\u00f5es, ele caiu de uma carro\u00e7a de burro, sofrendo traumatismo craniano e perfura\u00e7\u00e3o nos pulm\u00f5es. Jair recebeu os primeiros [&hellip;]<\/p>\n","protected":false},"author":1,"featured_media":30848,"comment_status":"closed","ping_status":"closed","sticky":false,"template":"","format":"standard","meta":{"footnotes":""},"categories":[19],"tags":[22],"class_list":["post-30846","post","type-post","status-publish","format-standard","has-post-thumbnail","hentry","category-policial","tag-destaques"],"_links":{"self":[{"href":"https:\/\/www.saloanoticias.com\/v1\/wp-json\/wp\/v2\/posts\/30846","targetHints":{"allow":["GET"]}}],"collection":[{"href":"https:\/\/www.saloanoticias.com\/v1\/wp-json\/wp\/v2\/posts"}],"about":[{"href":"https:\/\/www.saloanoticias.com\/v1\/wp-json\/wp\/v2\/types\/post"}],"author":[{"embeddable":true,"href":"https:\/\/www.saloanoticias.com\/v1\/wp-json\/wp\/v2\/users\/1"}],"replies":[{"embeddable":true,"href":"https:\/\/www.saloanoticias.com\/v1\/wp-json\/wp\/v2\/comments?post=30846"}],"version-history":[{"count":2,"href":"https:\/\/www.saloanoticias.com\/v1\/wp-json\/wp\/v2\/posts\/30846\/revisions"}],"predecessor-version":[{"id":30849,"href":"https:\/\/www.saloanoticias.com\/v1\/wp-json\/wp\/v2\/posts\/30846\/revisions\/30849"}],"wp:featuredmedia":[{"embeddable":true,"href":"https:\/\/www.saloanoticias.com\/v1\/wp-json\/wp\/v2\/media\/30848"}],"wp:attachment":[{"href":"https:\/\/www.saloanoticias.com\/v1\/wp-json\/wp\/v2\/media?parent=30846"}],"wp:term":[{"taxonomy":"category","embeddable":true,"href":"https:\/\/www.saloanoticias.com\/v1\/wp-json\/wp\/v2\/categories?post=30846"},{"taxonomy":"post_tag","embeddable":true,"href":"https:\/\/www.saloanoticias.com\/v1\/wp-json\/wp\/v2\/tags?post=30846"}],"curies":[{"name":"wp","href":"https:\/\/api.w.org\/{rel}","templated":true}]}}