{"id":30817,"date":"2026-01-24T21:12:44","date_gmt":"2026-01-25T00:12:44","guid":{"rendered":"https:\/\/www.saloanoticias.com\/v1\/?p=30817"},"modified":"2026-01-24T21:14:13","modified_gmt":"2026-01-25T00:14:13","slug":"capotamento-e-registrado-neste-sabado-24-na-estrada-de-iateca-e-motorista-sai-ileso","status":"publish","type":"post","link":"https:\/\/www.saloanoticias.com\/v1\/capotamento-e-registrado-neste-sabado-24-na-estrada-de-iateca-e-motorista-sai-ileso\/","title":{"rendered":"Capotamento \u00e9 registrado neste s\u00e1bado (24) na estrada de Iatec\u00e1"},"content":{"rendered":"\n<p>Um capotamento foi registrado neste s\u00e1bado (24) na estrada de Iatec\u00e1, nas proximidades do s\u00edtio Grelado. O sinistro envolveu um ve\u00edculo conduzido por um homem conhecido popularmente como Di Pedreiro.<\/p>\n\n\n\n<p>De acordo com informa\u00e7\u00f5es apuradas no local, o motorista perdeu o controle do ve\u00edculo, que acabou capotando \u00e0s margens da via. Apesar do susto e dos danos materiais, Di Pedreiro felizmente n\u00e3o sofreu ferimentos, saindo ileso do ocorrido.<\/p>\n\n\n\n<p>Populares que passavam pela estrada prestaram apoio nos primeiros momentos ap\u00f3s o acidente. As causas do capotamento ainda n\u00e3o foram oficialmente esclarecidas.<\/p>\n\n\n\n<p>O caso refor\u00e7a o alerta para que motoristas redobrem a aten\u00e7\u00e3o ao trafegar pela estrada de Iatec\u00e1, especialmente em trechos mais estreitos e sinuosos. Depois do acidente o ve\u00edculo foi retirado da estrada e a via ficou livre.<\/p>\n\n\n<div class=\"wp-block-image\">\n<figure class=\"aligncenter size-large\"><img loading=\"lazy\" decoding=\"async\" width=\"576\" height=\"1024\" src=\"https:\/\/www.saloanoticias.com\/v1\/wp-content\/uploads\/2026\/01\/0a301223-1f67-4e8e-bb0c-56bbaf69b104-576x1024.jpeg\" alt=\"\" class=\"wp-image-30819\" srcset=\"https:\/\/www.saloanoticias.com\/v1\/wp-content\/uploads\/2026\/01\/0a301223-1f67-4e8e-bb0c-56bbaf69b104-576x1024.jpeg 576w, https:\/\/www.saloanoticias.com\/v1\/wp-content\/uploads\/2026\/01\/0a301223-1f67-4e8e-bb0c-56bbaf69b104-169x300.jpeg 169w, https:\/\/www.saloanoticias.com\/v1\/wp-content\/uploads\/2026\/01\/0a301223-1f67-4e8e-bb0c-56bbaf69b104-768x1365.jpeg 768w, https:\/\/www.saloanoticias.com\/v1\/wp-content\/uploads\/2026\/01\/0a301223-1f67-4e8e-bb0c-56bbaf69b104-864x1536.jpeg 864w, https:\/\/www.saloanoticias.com\/v1\/wp-content\/uploads\/2026\/01\/0a301223-1f67-4e8e-bb0c-56bbaf69b104.jpeg 900w\" sizes=\"auto, (max-width: 576px) 100vw, 576px\" \/><\/figure>\n<\/div><div style=\"margin-top: 0px; margin-bottom: 0px;\" class=\"sharethis-inline-share-buttons\" ><\/div>","protected":false},"excerpt":{"rendered":"<p>Um capotamento foi registrado neste s\u00e1bado (24) na estrada de Iatec\u00e1, nas proximidades do s\u00edtio Grelado. O sinistro envolveu um ve\u00edculo conduzido por um homem conhecido popularmente como Di Pedreiro. De acordo com informa\u00e7\u00f5es apuradas no local, o motorista perdeu o controle do ve\u00edculo, que acabou capotando \u00e0s margens da via. Apesar do susto e [&hellip;]<\/p>\n","protected":false},"author":1,"featured_media":30818,"comment_status":"closed","ping_status":"closed","sticky":false,"template":"","format":"standard","meta":{"footnotes":""},"categories":[19],"tags":[22],"class_list":["post-30817","post","type-post","status-publish","format-standard","has-post-thumbnail","hentry","category-policial","tag-destaques"],"_links":{"self":[{"href":"https:\/\/www.saloanoticias.com\/v1\/wp-json\/wp\/v2\/posts\/30817","targetHints":{"allow":["GET"]}}],"collection":[{"href":"https:\/\/www.saloanoticias.com\/v1\/wp-json\/wp\/v2\/posts"}],"about":[{"href":"https:\/\/www.saloanoticias.com\/v1\/wp-json\/wp\/v2\/types\/post"}],"author":[{"embeddable":true,"href":"https:\/\/www.saloanoticias.com\/v1\/wp-json\/wp\/v2\/users\/1"}],"replies":[{"embeddable":true,"href":"https:\/\/www.saloanoticias.com\/v1\/wp-json\/wp\/v2\/comments?post=30817"}],"version-history":[{"count":3,"href":"https:\/\/www.saloanoticias.com\/v1\/wp-json\/wp\/v2\/posts\/30817\/revisions"}],"predecessor-version":[{"id":30823,"href":"https:\/\/www.saloanoticias.com\/v1\/wp-json\/wp\/v2\/posts\/30817\/revisions\/30823"}],"wp:featuredmedia":[{"embeddable":true,"href":"https:\/\/www.saloanoticias.com\/v1\/wp-json\/wp\/v2\/media\/30818"}],"wp:attachment":[{"href":"https:\/\/www.saloanoticias.com\/v1\/wp-json\/wp\/v2\/media?parent=30817"}],"wp:term":[{"taxonomy":"category","embeddable":true,"href":"https:\/\/www.saloanoticias.com\/v1\/wp-json\/wp\/v2\/categories?post=30817"},{"taxonomy":"post_tag","embeddable":true,"href":"https:\/\/www.saloanoticias.com\/v1\/wp-json\/wp\/v2\/tags?post=30817"}],"curies":[{"name":"wp","href":"https:\/\/api.w.org\/{rel}","templated":true}]}}