{"id":30813,"date":"2026-01-24T08:20:59","date_gmt":"2026-01-24T11:20:59","guid":{"rendered":"https:\/\/www.saloanoticias.com\/v1\/?p=30813"},"modified":"2026-01-24T08:20:59","modified_gmt":"2026-01-24T11:20:59","slug":"educacao-realiza-primeira-reuniao-de-gestores-na-gestao-fabiana-souto","status":"publish","type":"post","link":"https:\/\/www.saloanoticias.com\/v1\/educacao-realiza-primeira-reuniao-de-gestores-na-gestao-fabiana-souto\/","title":{"rendered":"Educa\u00e7\u00e3o realiza primeira reuni\u00e3o de gestores na gest\u00e3o Fabiana Souto"},"content":{"rendered":"\n<p>A Secretaria Municipal de Educa\u00e7\u00e3o realizou a primeira reuni\u00e3o de gestores escolares sob a condu\u00e7\u00e3o da secret\u00e1ria Fabiana Souto, marcando o in\u00edcio de um novo ciclo de trabalho na rede municipal de ensino. O encontro contou ainda com a participa\u00e7\u00e3o da secret\u00e1ria adjunta Viviane, da diretora de ensino G\u00eaziane, al\u00e9m da presen\u00e7a do prefeito J\u00fanior de Rivaldo.<\/p>\n\n\n\n<p>A reuni\u00e3o teve como principal objetivo alinhar diretrizes, apresentar metas e fortalecer o di\u00e1logo entre a gest\u00e3o da pasta e os gestores das unidades escolares. Durante o encontro, foram discutidos temas estrat\u00e9gicos relacionados ao planejamento pedag\u00f3gico, \u00e0 organiza\u00e7\u00e3o administrativa das escolas e \u00e0s a\u00e7\u00f5es priorit\u00e1rias para o ano letivo.<\/p>\n\n\n\n<p>Em sua fala, a secret\u00e1ria Fabiana Souto destacou a import\u00e2ncia do trabalho coletivo e do comprometimento de todos para garantir uma educa\u00e7\u00e3o de qualidade. A adjunta Viviane refor\u00e7ou a necessidade de uma gest\u00e3o participativa e pr\u00f3xima das escolas, enquanto a diretora de ensino G\u00eaziane pontuou aspectos t\u00e9cnicos e pedag\u00f3gicos fundamentais para o bom andamento das atividades educacionais.<\/p>\n\n\n\n<p>O prefeito J\u00fanior de Rivaldo ressaltou o papel essencial da educa\u00e7\u00e3o no desenvolvimento do munic\u00edpio e reafirmou o apoio da gest\u00e3o municipal \u00e0s a\u00e7\u00f5es da Secretaria de Educa\u00e7\u00e3o, enfatizando investimentos e pol\u00edticas p\u00fablicas voltadas para o fortalecimento da rede de ensino.<\/p>\n\n\n\n<p>A reuni\u00e3o foi avaliada de forma positiva pelos participantes e simboliza o in\u00edcio de uma gest\u00e3o pautada no di\u00e1logo, na organiza\u00e7\u00e3o e no compromisso com a melhoria cont\u00ednua da educa\u00e7\u00e3o municipal.<\/p>\n\n\n<div class=\"wp-block-image\">\n<figure class=\"aligncenter size-large\"><img loading=\"lazy\" decoding=\"async\" width=\"1024\" height=\"752\" src=\"https:\/\/www.saloanoticias.com\/v1\/wp-content\/uploads\/2026\/01\/IMG_1818-1024x752.jpeg\" alt=\"\" class=\"wp-image-30815\" srcset=\"https:\/\/www.saloanoticias.com\/v1\/wp-content\/uploads\/2026\/01\/IMG_1818-1024x752.jpeg 1024w, https:\/\/www.saloanoticias.com\/v1\/wp-content\/uploads\/2026\/01\/IMG_1818-300x220.jpeg 300w, https:\/\/www.saloanoticias.com\/v1\/wp-content\/uploads\/2026\/01\/IMG_1818-768x564.jpeg 768w, https:\/\/www.saloanoticias.com\/v1\/wp-content\/uploads\/2026\/01\/IMG_1818.jpeg 1206w\" sizes=\"auto, (max-width: 1024px) 100vw, 1024px\" \/><\/figure>\n<\/div><div style=\"margin-top: 0px; margin-bottom: 0px;\" class=\"sharethis-inline-share-buttons\" ><\/div>","protected":false},"excerpt":{"rendered":"<p>A Secretaria Municipal de Educa\u00e7\u00e3o realizou a primeira reuni\u00e3o de gestores escolares sob a condu\u00e7\u00e3o da secret\u00e1ria Fabiana Souto, marcando o in\u00edcio de um novo ciclo de trabalho na rede municipal de ensino. O encontro contou ainda com a participa\u00e7\u00e3o da secret\u00e1ria adjunta Viviane, da diretora de ensino G\u00eaziane, al\u00e9m da presen\u00e7a do prefeito J\u00fanior [&hellip;]<\/p>\n","protected":false},"author":1,"featured_media":30814,"comment_status":"closed","ping_status":"closed","sticky":false,"template":"","format":"standard","meta":{"footnotes":""},"categories":[17],"tags":[22],"class_list":["post-30813","post","type-post","status-publish","format-standard","has-post-thumbnail","hentry","category-educacao","tag-destaques"],"_links":{"self":[{"href":"https:\/\/www.saloanoticias.com\/v1\/wp-json\/wp\/v2\/posts\/30813","targetHints":{"allow":["GET"]}}],"collection":[{"href":"https:\/\/www.saloanoticias.com\/v1\/wp-json\/wp\/v2\/posts"}],"about":[{"href":"https:\/\/www.saloanoticias.com\/v1\/wp-json\/wp\/v2\/types\/post"}],"author":[{"embeddable":true,"href":"https:\/\/www.saloanoticias.com\/v1\/wp-json\/wp\/v2\/users\/1"}],"replies":[{"embeddable":true,"href":"https:\/\/www.saloanoticias.com\/v1\/wp-json\/wp\/v2\/comments?post=30813"}],"version-history":[{"count":1,"href":"https:\/\/www.saloanoticias.com\/v1\/wp-json\/wp\/v2\/posts\/30813\/revisions"}],"predecessor-version":[{"id":30816,"href":"https:\/\/www.saloanoticias.com\/v1\/wp-json\/wp\/v2\/posts\/30813\/revisions\/30816"}],"wp:featuredmedia":[{"embeddable":true,"href":"https:\/\/www.saloanoticias.com\/v1\/wp-json\/wp\/v2\/media\/30814"}],"wp:attachment":[{"href":"https:\/\/www.saloanoticias.com\/v1\/wp-json\/wp\/v2\/media?parent=30813"}],"wp:term":[{"taxonomy":"category","embeddable":true,"href":"https:\/\/www.saloanoticias.com\/v1\/wp-json\/wp\/v2\/categories?post=30813"},{"taxonomy":"post_tag","embeddable":true,"href":"https:\/\/www.saloanoticias.com\/v1\/wp-json\/wp\/v2\/tags?post=30813"}],"curies":[{"name":"wp","href":"https:\/\/api.w.org\/{rel}","templated":true}]}}