{"id":30804,"date":"2026-01-23T08:52:24","date_gmt":"2026-01-23T11:52:24","guid":{"rendered":"https:\/\/www.saloanoticias.com\/v1\/?p=30804"},"modified":"2026-01-23T21:15:39","modified_gmt":"2026-01-24T00:15:39","slug":"30804-2","status":"publish","type":"post","link":"https:\/\/www.saloanoticias.com\/v1\/30804-2\/","title":{"rendered":"Ewerton Silvestre comemora um ano de N\u00facleo de Juventude em Salo\u00e1"},"content":{"rendered":"\n<p>Aconteceu no dia 20\/01\/2025, atrav\u00e9s da Prefeitura Municipal de Salo\u00e1, a cria\u00e7\u00e3o do N\u00facleo de Juventude, completando 1 ano no \u00faltimo dia 20 de janeiro. O N\u00facleo de Juventude foi se destacando atrav\u00e9s da versatilidade e do compromisso do prefeito J\u00fanior de Rivaldo.<\/p>\n\n\n\n<p>Vale destacar que o gestor deu ao longo desse per\u00edodo todas as condi\u00e7\u00f5es para realiza\u00e7\u00f5es de oficinas do SENAC, palestras, Dia da Mulher, forma\u00e7\u00e3o do NUCA, projeto Caf\u00e9 com Poesia, e para fechar com chave de ouro a Casa das Juventudes que chegar\u00e1 este ano mas que foi feita a documenta\u00e7\u00e3o ao longo de 2025.<\/p>\n\n\n\n<p>Ewerton Silvestre, gestor de Juventudes, avalia o ano como um sucesso e espera muito mais ao longo de 2026, com a transforma\u00e7\u00e3o no N\u00facleo em Casa de Juventudes.<\/p>\n<div style=\"margin-top: 0px; margin-bottom: 0px;\" class=\"sharethis-inline-share-buttons\" ><\/div>","protected":false},"excerpt":{"rendered":"<p>Aconteceu no dia 20\/01\/2025, atrav\u00e9s da Prefeitura Municipal de Salo\u00e1, a cria\u00e7\u00e3o do N\u00facleo de Juventude, completando 1 ano no \u00faltimo dia 20 de janeiro. O N\u00facleo de Juventude foi se destacando atrav\u00e9s da versatilidade e do compromisso do prefeito J\u00fanior de Rivaldo. Vale destacar que o gestor deu ao longo desse per\u00edodo todas as [&hellip;]<\/p>\n","protected":false},"author":1,"featured_media":30805,"comment_status":"closed","ping_status":"closed","sticky":false,"template":"","format":"standard","meta":{"footnotes":""},"categories":[17],"tags":[22],"class_list":["post-30804","post","type-post","status-publish","format-standard","has-post-thumbnail","hentry","category-educacao","tag-destaques"],"_links":{"self":[{"href":"https:\/\/www.saloanoticias.com\/v1\/wp-json\/wp\/v2\/posts\/30804","targetHints":{"allow":["GET"]}}],"collection":[{"href":"https:\/\/www.saloanoticias.com\/v1\/wp-json\/wp\/v2\/posts"}],"about":[{"href":"https:\/\/www.saloanoticias.com\/v1\/wp-json\/wp\/v2\/types\/post"}],"author":[{"embeddable":true,"href":"https:\/\/www.saloanoticias.com\/v1\/wp-json\/wp\/v2\/users\/1"}],"replies":[{"embeddable":true,"href":"https:\/\/www.saloanoticias.com\/v1\/wp-json\/wp\/v2\/comments?post=30804"}],"version-history":[{"count":5,"href":"https:\/\/www.saloanoticias.com\/v1\/wp-json\/wp\/v2\/posts\/30804\/revisions"}],"predecessor-version":[{"id":30812,"href":"https:\/\/www.saloanoticias.com\/v1\/wp-json\/wp\/v2\/posts\/30804\/revisions\/30812"}],"wp:featuredmedia":[{"embeddable":true,"href":"https:\/\/www.saloanoticias.com\/v1\/wp-json\/wp\/v2\/media\/30805"}],"wp:attachment":[{"href":"https:\/\/www.saloanoticias.com\/v1\/wp-json\/wp\/v2\/media?parent=30804"}],"wp:term":[{"taxonomy":"category","embeddable":true,"href":"https:\/\/www.saloanoticias.com\/v1\/wp-json\/wp\/v2\/categories?post=30804"},{"taxonomy":"post_tag","embeddable":true,"href":"https:\/\/www.saloanoticias.com\/v1\/wp-json\/wp\/v2\/tags?post=30804"}],"curies":[{"name":"wp","href":"https:\/\/api.w.org\/{rel}","templated":true}]}}