{"id":30707,"date":"2026-01-12T00:48:32","date_gmt":"2026-01-12T03:48:32","guid":{"rendered":"https:\/\/www.saloanoticias.com\/v1\/?p=30707"},"modified":"2026-01-12T14:43:06","modified_gmt":"2026-01-12T17:43:06","slug":"professora-fabiana-souto-assume-secretaria-de-educacao-de-saloa-nesta-segunda-feira-12","status":"publish","type":"post","link":"https:\/\/www.saloanoticias.com\/v1\/professora-fabiana-souto-assume-secretaria-de-educacao-de-saloa-nesta-segunda-feira-12\/","title":{"rendered":"Professora Fabiana Souto assume Secretaria de Educa\u00e7\u00e3o de Salo\u00e1 nesta segunda-feira (12)"},"content":{"rendered":"\n<p>A professora Fabiana Souto assume oficialmente, nesta segunda-feira, 12 de janeiro de 2026, a Secretaria Municipal de Educa\u00e7\u00e3o de Salo\u00e1, no Agreste de Pernambuco. O convite partiu do prefeito J\u00fanior de Rivaldo, que aposta no perfil t\u00e9cnico e na experi\u00eancia da educadora para fortalecer ainda mais o ensino p\u00fablico no munic\u00edpio.<\/p>\n\n\n\n<p>Antes de assumir a secretaria, Fabiana estava \u00e0 frente da dire\u00e7\u00e3o da Escola Vicentinho, onde desenvolveu um trabalho reconhecido pela organiza\u00e7\u00e3o, pelo fortalecimento da gest\u00e3o escolar e pela melhoria dos indicadores pedag\u00f3gicos. A viv\u00eancia na gest\u00e3o de uma das mais importantes unidades de ensino do munic\u00edpio contribuiu para consolidar seu nome como uma lideran\u00e7a respeitada na \u00e1rea da educa\u00e7\u00e3o.<\/p>\n\n\n\n<p>Com uma trajet\u00f3ria marcada pelo compromisso com o ensino, Fabiana Souto construiu sua carreira dentro das salas de aula, conhecendo de perto os desafios enfrentados por professores, estudantes e fam\u00edlias. Ao longo dos anos, tornou-se uma refer\u00eancia pelo trabalho dedicado \u00e0 forma\u00e7\u00e3o dos alunos e pela busca constante por melhorias na qualidade da aprendizagem.<\/p>\n\n\n\n<p>Ao assumir a pasta, a nova secret\u00e1ria chega com a miss\u00e3o de dar continuidade aos avan\u00e7os j\u00e1 conquistados pela rede municipal e de implementar novas estrat\u00e9gias voltadas para a valoriza\u00e7\u00e3o dos profissionais da educa\u00e7\u00e3o, melhoria da infraestrutura das escolas e fortalecimento do aprendizado dos estudantes. Entre as prioridades est\u00e3o a amplia\u00e7\u00e3o de projetos pedag\u00f3gicos, o incentivo \u00e0 forma\u00e7\u00e3o continuada dos professores e o di\u00e1logo permanente com a comunidade escolar.<\/p>\n\n\n\n<p>O prefeito J\u00fanior de Rivaldo destacou que a escolha de Fabiana Souto reflete o compromisso da gest\u00e3o com uma educa\u00e7\u00e3o cada vez mais eficiente e humanizada. \u201cFabiana re\u00fane sensibilidade, conhecimento t\u00e9cnico e amor pela educa\u00e7\u00e3o. Temos certeza de que far\u00e1 um trabalho que vai marcar positivamente a hist\u00f3ria da nossa rede de ensino\u201d, afirmou.<\/p>\n\n\n\n<p>A chegada da professora Fabiana Souto \u00e0 Secretaria de Educa\u00e7\u00e3o \u00e9 recebida com expectativa por gestores, educadores e pais de alunos, que veem na nomea\u00e7\u00e3o uma nova oportunidade de avan\u00e7os para a educa\u00e7\u00e3o de Salo\u00e1. A partir desta segunda-feira, ela inicia oficialmente seus trabalhos \u00e0 frente de uma das pastas mais estrat\u00e9gicas do munic\u00edpio.<\/p>\n<div style=\"margin-top: 0px; margin-bottom: 0px;\" class=\"sharethis-inline-share-buttons\" ><\/div>","protected":false},"excerpt":{"rendered":"<p>A professora Fabiana Souto assume oficialmente, nesta segunda-feira, 12 de janeiro de 2026, a Secretaria Municipal de Educa\u00e7\u00e3o de Salo\u00e1, no Agreste de Pernambuco. O convite partiu do prefeito J\u00fanior de Rivaldo, que aposta no perfil t\u00e9cnico e na experi\u00eancia da educadora para fortalecer ainda mais o ensino p\u00fablico no munic\u00edpio. Antes de assumir a [&hellip;]<\/p>\n","protected":false},"author":1,"featured_media":30710,"comment_status":"closed","ping_status":"closed","sticky":false,"template":"","format":"standard","meta":{"footnotes":""},"categories":[17],"tags":[22],"class_list":["post-30707","post","type-post","status-publish","format-standard","has-post-thumbnail","hentry","category-educacao","tag-destaques"],"_links":{"self":[{"href":"https:\/\/www.saloanoticias.com\/v1\/wp-json\/wp\/v2\/posts\/30707","targetHints":{"allow":["GET"]}}],"collection":[{"href":"https:\/\/www.saloanoticias.com\/v1\/wp-json\/wp\/v2\/posts"}],"about":[{"href":"https:\/\/www.saloanoticias.com\/v1\/wp-json\/wp\/v2\/types\/post"}],"author":[{"embeddable":true,"href":"https:\/\/www.saloanoticias.com\/v1\/wp-json\/wp\/v2\/users\/1"}],"replies":[{"embeddable":true,"href":"https:\/\/www.saloanoticias.com\/v1\/wp-json\/wp\/v2\/comments?post=30707"}],"version-history":[{"count":2,"href":"https:\/\/www.saloanoticias.com\/v1\/wp-json\/wp\/v2\/posts\/30707\/revisions"}],"predecessor-version":[{"id":30712,"href":"https:\/\/www.saloanoticias.com\/v1\/wp-json\/wp\/v2\/posts\/30707\/revisions\/30712"}],"wp:featuredmedia":[{"embeddable":true,"href":"https:\/\/www.saloanoticias.com\/v1\/wp-json\/wp\/v2\/media\/30710"}],"wp:attachment":[{"href":"https:\/\/www.saloanoticias.com\/v1\/wp-json\/wp\/v2\/media?parent=30707"}],"wp:term":[{"taxonomy":"category","embeddable":true,"href":"https:\/\/www.saloanoticias.com\/v1\/wp-json\/wp\/v2\/categories?post=30707"},{"taxonomy":"post_tag","embeddable":true,"href":"https:\/\/www.saloanoticias.com\/v1\/wp-json\/wp\/v2\/tags?post=30707"}],"curies":[{"name":"wp","href":"https:\/\/api.w.org\/{rel}","templated":true}]}}