{"id":30692,"date":"2026-01-09T13:46:12","date_gmt":"2026-01-09T16:46:12","guid":{"rendered":"https:\/\/www.saloanoticias.com\/v1\/?p=30692"},"modified":"2026-01-10T21:06:04","modified_gmt":"2026-01-11T00:06:04","slug":"deangelles-florentino-deixa-educacao-e-vai-assumir-a-secretaria-de-turismo","status":"publish","type":"post","link":"https:\/\/www.saloanoticias.com\/v1\/deangelles-florentino-deixa-educacao-e-vai-assumir-a-secretaria-de-turismo\/","title":{"rendered":"\u00c1lvaro Deangelles deixa Educa\u00e7\u00e3o e vai assumir a Secretaria de Turismo"},"content":{"rendered":"\n<p>O professor Deangelles Florentino deixou a Secretaria Municipal de Educa\u00e7\u00e3o e dever\u00e1 assumir, nos pr\u00f3ximos dias, a Secretaria de Turismo do munic\u00edpio. A mudan\u00e7a integra um rearranjo administrativo promovido pela gest\u00e3o municipal, com o objetivo de fortalecer \u00e1reas estrat\u00e9gicas do governo.<\/p>\n\n\n\n<p>Durante o per\u00edodo em que esteve \u00e0 frente da Educa\u00e7\u00e3o, Deangelles construiu uma trajet\u00f3ria marcada pelo di\u00e1logo com a comunidade escolar, valoriza\u00e7\u00e3o dos profissionais da \u00e1rea e desenvolvimento de a\u00e7\u00f5es voltadas para a melhoria do ensino na rede municipal. Sua atua\u00e7\u00e3o foi reconhecida por servidores, gestores escolares e pais de alunos, que acompanharam de perto os avan\u00e7os conquistados durante sua gest\u00e3o.<\/p>\n\n\n\n<p>O prefeito J\u00fanior de Rivaldo agradeceu publicamente a Deangelles Florentino pela contribui\u00e7\u00e3o prestada \u00e0 frente da Secretaria de Educa\u00e7\u00e3o, destacando o compromisso, a dedica\u00e7\u00e3o e o trabalho desenvolvido em favor do fortalecimento do ensino no munic\u00edpio.<\/p>\n\n\n\n<p>Agora, prestes a assumir o comando da Secretaria de Turismo, o professor chega com a miss\u00e3o de impulsionar o setor, valorizando os atrativos locais, fortalecendo eventos culturais e fomentando o desenvolvimento econ\u00f4mico por meio da atividade tur\u00edstica. A expectativa da gest\u00e3o \u00e9 de que sua experi\u00eancia administrativa e perfil articulador contribuam para a cria\u00e7\u00e3o de novos projetos e parcerias.<\/p>\n\n\n\n<p>A gest\u00e3o municipal desejou sucesso a Deangelles Florentino neste novo desafio, reafirmando o compromisso com uma administra\u00e7\u00e3o integrada e voltada para o crescimento do munic\u00edpio.<\/p>\n<div style=\"margin-top: 0px; margin-bottom: 0px;\" class=\"sharethis-inline-share-buttons\" ><\/div>","protected":false},"excerpt":{"rendered":"<p>O professor Deangelles Florentino deixou a Secretaria Municipal de Educa\u00e7\u00e3o e dever\u00e1 assumir, nos pr\u00f3ximos dias, a Secretaria de Turismo do munic\u00edpio. A mudan\u00e7a integra um rearranjo administrativo promovido pela gest\u00e3o municipal, com o objetivo de fortalecer \u00e1reas estrat\u00e9gicas do governo. Durante o per\u00edodo em que esteve \u00e0 frente da Educa\u00e7\u00e3o, Deangelles construiu uma trajet\u00f3ria [&hellip;]<\/p>\n","protected":false},"author":1,"featured_media":30694,"comment_status":"closed","ping_status":"closed","sticky":false,"template":"","format":"standard","meta":{"footnotes":""},"categories":[17],"tags":[22],"class_list":["post-30692","post","type-post","status-publish","format-standard","has-post-thumbnail","hentry","category-educacao","tag-destaques"],"_links":{"self":[{"href":"https:\/\/www.saloanoticias.com\/v1\/wp-json\/wp\/v2\/posts\/30692","targetHints":{"allow":["GET"]}}],"collection":[{"href":"https:\/\/www.saloanoticias.com\/v1\/wp-json\/wp\/v2\/posts"}],"about":[{"href":"https:\/\/www.saloanoticias.com\/v1\/wp-json\/wp\/v2\/types\/post"}],"author":[{"embeddable":true,"href":"https:\/\/www.saloanoticias.com\/v1\/wp-json\/wp\/v2\/users\/1"}],"replies":[{"embeddable":true,"href":"https:\/\/www.saloanoticias.com\/v1\/wp-json\/wp\/v2\/comments?post=30692"}],"version-history":[{"count":2,"href":"https:\/\/www.saloanoticias.com\/v1\/wp-json\/wp\/v2\/posts\/30692\/revisions"}],"predecessor-version":[{"id":30702,"href":"https:\/\/www.saloanoticias.com\/v1\/wp-json\/wp\/v2\/posts\/30692\/revisions\/30702"}],"wp:featuredmedia":[{"embeddable":true,"href":"https:\/\/www.saloanoticias.com\/v1\/wp-json\/wp\/v2\/media\/30694"}],"wp:attachment":[{"href":"https:\/\/www.saloanoticias.com\/v1\/wp-json\/wp\/v2\/media?parent=30692"}],"wp:term":[{"taxonomy":"category","embeddable":true,"href":"https:\/\/www.saloanoticias.com\/v1\/wp-json\/wp\/v2\/categories?post=30692"},{"taxonomy":"post_tag","embeddable":true,"href":"https:\/\/www.saloanoticias.com\/v1\/wp-json\/wp\/v2\/tags?post=30692"}],"curies":[{"name":"wp","href":"https:\/\/api.w.org\/{rel}","templated":true}]}}