{"id":30665,"date":"2026-01-06T08:06:31","date_gmt":"2026-01-06T11:06:31","guid":{"rendered":"https:\/\/www.saloanoticias.com\/v1\/?p=30665"},"modified":"2026-01-06T08:06:32","modified_gmt":"2026-01-06T11:06:32","slug":"pernambuco-alcanca-a-menor-taxa-de-mortes-violentas-por-100-mil-habitantes-dos-ultimos-22-anos","status":"publish","type":"post","link":"https:\/\/www.saloanoticias.com\/v1\/pernambuco-alcanca-a-menor-taxa-de-mortes-violentas-por-100-mil-habitantes-dos-ultimos-22-anos\/","title":{"rendered":"Pernambuco alcan\u00e7a a menor taxa de mortes violentas por 100 mil habitantes dos \u00faltimos 22 anos"},"content":{"rendered":"\n<p>A seguran\u00e7a p\u00fablica de Pernambuco encerrou 2025 com uma conquista relevante no enfrentamento \u00e0 viol\u00eancia. Entre janeiro e dezembro, o Estado registrou a menor taxa de Mortes Violentas Intencionais (MVIs) por 100 mil habitantes de toda a s\u00e9rie hist\u00f3rica, iniciada em 2004. O \u00edndice, no patamar de 32,7, \u00e9 o mais expressivo dos \u00faltimos 22 anos. Em rela\u00e7\u00e3o a 2024, Pernambuco registrou uma redu\u00e7\u00e3o de 9,5% nas mortes violentas, o que representa 330 vidas preservadas ao longo de 2025. O resultado demonstra que as for\u00e7as policiais seguem intensificando, de forma permanente, a execu\u00e7\u00e3o das a\u00e7\u00f5es estabelecidas no Programa Juntos pela Seguran\u00e7a em todo o territ\u00f3rio pernambucano, sobretudo no combate aos crimes contra a vida.<\/p>\n\n\n\n<p>&#8220;Garantir seguran\u00e7a para a popula\u00e7\u00e3o e promover a paz social s\u00e3o compromissos permanentes do nosso governo. Os dados mostram que os investimentos e as a\u00e7\u00f5es do Programa Juntos pela Seguran\u00e7a est\u00e3o gerando resultados concretos. Estamos investindo R$ 2,3 bilh\u00f5es em intelig\u00eancia, tecnologia, refor\u00e7o do efetivo e integra\u00e7\u00e3o das for\u00e7as de seguran\u00e7a, porque preservar vidas e assegurar tranquilidade aos pernambucanos \u00e9 a nossa maior prioridade\u201d, afirmou a governadora Raquel Lyra.<br><br>O resultado representa uma queda expressiva nos \u00edndices de homic\u00eddios. O maior n\u00famero de mortes violentas por 100 mil habitantes em Pernambuco foi registrado em 2017, quando a taxa chegou a 57,1.\u00a0 At\u00e9 ent\u00e3o, o menor \u00edndice havia sido observado em 2013, com 34,1 mortes violentas por 100 mil habitantes.<br>\u201cEsse resultado mostra a efic\u00e1cia das a\u00e7\u00f5es integradas de policiamento, intelig\u00eancia, tecnologia e pol\u00edticas p\u00fablicas transversais estabelecidas no Programa Juntos pela Seguran\u00e7a. Vamos continuar seguindo firmes na nossa principal miss\u00e3o, que \u00e9 garantir a ordem social, sobretudo preservando vidas\u201d, pontuou o secret\u00e1rio de Defesa Social, Alessandro Carvalho.\u00a0<br><br>A redu\u00e7\u00e3o hist\u00f3rica evidencia uma evolu\u00e7\u00e3o consistente dos indicadores de seguran\u00e7a p\u00fablica no Estado. O combate \u00e0 circula\u00e7\u00e3o de armas de fogo irregulares e ao crime organizado est\u00e3o entre as principais a\u00e7\u00f5es das operativas da Secretaria de Defesa Social de Pernambuco (SDS) na garantia dos resultados concretos na redu\u00e7\u00e3o da viol\u00eancia letal. Desde o in\u00edcio de 2023, as for\u00e7as de seguran\u00e7a apreenderam 18.342 armas de fogo em todo o territ\u00f3rio pernambucano, retirando armamentos de circula\u00e7\u00e3o e prevenindo crimes graves.<br>O enfrentamento ao crime organizado tem sido refor\u00e7ado por opera\u00e7\u00f5es especiais de car\u00e1ter interestadual, como a Divisa Integrada, realizada em parceria com os estados do Cear\u00e1, Para\u00edba e Piau\u00ed; a opera\u00e7\u00e3o Vale do S\u00e3o Francisco Seguro, com a Bahia; e a Nordeste Integrado, que envolveu a\u00e7\u00f5es conjuntas nas divisas de oito estados nordestinos. Essas opera\u00e7\u00f5es ampliam o controle territorial, fortalecem a intelig\u00eancia policial e impactam diretamente na apreens\u00e3o de armas e pris\u00f5es qualificadas.<br>No eixo de pessoal, a SDS executa o maior refor\u00e7o de efetivo dos \u00faltimos anos, com mais de sete mil novos profissionais previstos at\u00e9 dezembro de 2026. At\u00e9 o momento, 3.183 j\u00e1 foram formados e mais de 3.400 est\u00e3o em forma\u00e7\u00e3o, ampliando a presen\u00e7a policial nas ruas, qualificando o atendimento \u00e0 popula\u00e7\u00e3o e fortalecendo as a\u00e7\u00f5es preventivas e repressivas.<\/p>\n<div style=\"margin-top: 0px; margin-bottom: 0px;\" class=\"sharethis-inline-share-buttons\" ><\/div>","protected":false},"excerpt":{"rendered":"<p>A seguran\u00e7a p\u00fablica de Pernambuco encerrou 2025 com uma conquista relevante no enfrentamento \u00e0 viol\u00eancia. Entre janeiro e dezembro, o Estado registrou a menor taxa de Mortes Violentas Intencionais (MVIs) por 100 mil habitantes de toda a s\u00e9rie hist\u00f3rica, iniciada em 2004. O \u00edndice, no patamar de 32,7, \u00e9 o mais expressivo dos \u00faltimos 22 [&hellip;]<\/p>\n","protected":false},"author":1,"featured_media":30666,"comment_status":"closed","ping_status":"closed","sticky":false,"template":"","format":"standard","meta":{"footnotes":""},"categories":[19],"tags":[22],"class_list":["post-30665","post","type-post","status-publish","format-standard","has-post-thumbnail","hentry","category-policial","tag-destaques"],"_links":{"self":[{"href":"https:\/\/www.saloanoticias.com\/v1\/wp-json\/wp\/v2\/posts\/30665","targetHints":{"allow":["GET"]}}],"collection":[{"href":"https:\/\/www.saloanoticias.com\/v1\/wp-json\/wp\/v2\/posts"}],"about":[{"href":"https:\/\/www.saloanoticias.com\/v1\/wp-json\/wp\/v2\/types\/post"}],"author":[{"embeddable":true,"href":"https:\/\/www.saloanoticias.com\/v1\/wp-json\/wp\/v2\/users\/1"}],"replies":[{"embeddable":true,"href":"https:\/\/www.saloanoticias.com\/v1\/wp-json\/wp\/v2\/comments?post=30665"}],"version-history":[{"count":1,"href":"https:\/\/www.saloanoticias.com\/v1\/wp-json\/wp\/v2\/posts\/30665\/revisions"}],"predecessor-version":[{"id":30667,"href":"https:\/\/www.saloanoticias.com\/v1\/wp-json\/wp\/v2\/posts\/30665\/revisions\/30667"}],"wp:featuredmedia":[{"embeddable":true,"href":"https:\/\/www.saloanoticias.com\/v1\/wp-json\/wp\/v2\/media\/30666"}],"wp:attachment":[{"href":"https:\/\/www.saloanoticias.com\/v1\/wp-json\/wp\/v2\/media?parent=30665"}],"wp:term":[{"taxonomy":"category","embeddable":true,"href":"https:\/\/www.saloanoticias.com\/v1\/wp-json\/wp\/v2\/categories?post=30665"},{"taxonomy":"post_tag","embeddable":true,"href":"https:\/\/www.saloanoticias.com\/v1\/wp-json\/wp\/v2\/tags?post=30665"}],"curies":[{"name":"wp","href":"https:\/\/api.w.org\/{rel}","templated":true}]}}