{"id":30602,"date":"2025-12-28T22:58:03","date_gmt":"2025-12-29T01:58:03","guid":{"rendered":"https:\/\/www.saloanoticias.com\/v1\/?p=30602"},"modified":"2025-12-29T08:13:30","modified_gmt":"2025-12-29T11:13:30","slug":"formatura-do-abc-celebra-cores-e-aprendizagem-no-centro-de-educacao-infantil-de-saloa","status":"publish","type":"post","link":"https:\/\/www.saloanoticias.com\/v1\/formatura-do-abc-celebra-cores-e-aprendizagem-no-centro-de-educacao-infantil-de-saloa\/","title":{"rendered":"Formatura do ABC celebra cores e aprendizagem no Centro de Educa\u00e7\u00e3o Infantil de Salo\u00e1"},"content":{"rendered":"\n<p>O Centro de Educa\u00e7\u00e3o Infantil (CEI) do munic\u00edpio de Salo\u00e1 realizou, no \u00faltimo s\u00e1bado (20), a formatura dos alunos do ABC, marcando o encerramento de uma importante etapa da educa\u00e7\u00e3o infantil. O evento, promovido pela rede municipal de ensino, teve como tema \u201cAs Cores do Arco-\u00cdris\u201d, simbolizando diversidade, alegria e o desenvolvimento das crian\u00e7as ao longo do ano letivo.<\/p>\n\n\n<div class=\"wp-block-image\">\n<figure class=\"aligncenter size-large\"><img loading=\"lazy\" decoding=\"async\" width=\"1024\" height=\"678\" src=\"https:\/\/www.saloanoticias.com\/v1\/wp-content\/uploads\/2025\/12\/12f976bb-5cd0-4744-8879-cc10dde63903-1024x678.jpeg\" alt=\"\" class=\"wp-image-30613\" srcset=\"https:\/\/www.saloanoticias.com\/v1\/wp-content\/uploads\/2025\/12\/12f976bb-5cd0-4744-8879-cc10dde63903-1024x678.jpeg 1024w, https:\/\/www.saloanoticias.com\/v1\/wp-content\/uploads\/2025\/12\/12f976bb-5cd0-4744-8879-cc10dde63903-300x199.jpeg 300w, https:\/\/www.saloanoticias.com\/v1\/wp-content\/uploads\/2025\/12\/12f976bb-5cd0-4744-8879-cc10dde63903-768x509.jpeg 768w, https:\/\/www.saloanoticias.com\/v1\/wp-content\/uploads\/2025\/12\/12f976bb-5cd0-4744-8879-cc10dde63903.jpeg 1280w\" sizes=\"auto, (max-width: 1024px) 100vw, 1024px\" \/><\/figure>\n<\/div>\n\n\n<p>A solenidade reuniu familiares, educadores e autoridades locais, entre elas o prefeito J\u00fanior de Rivaldo, que prestigiou a celebra\u00e7\u00e3o ao lado de representantes da Secretaria Municipal de Educa\u00e7\u00e3o e demais convidados. A programa\u00e7\u00e3o contou com apresenta\u00e7\u00f5es l\u00fadicas, decora\u00e7\u00e3o tem\u00e1tica e a entrega de certificados, em um momento de emo\u00e7\u00e3o para pais e respons\u00e1veis.<\/p>\n\n\n<div class=\"wp-block-image\">\n<figure class=\"aligncenter size-large\"><img loading=\"lazy\" decoding=\"async\" width=\"1024\" height=\"678\" src=\"https:\/\/www.saloanoticias.com\/v1\/wp-content\/uploads\/2025\/12\/cd38ca90-79ac-48b2-9bd0-8d00d993e2aa-1024x678.jpeg\" alt=\"\" class=\"wp-image-30612\" srcset=\"https:\/\/www.saloanoticias.com\/v1\/wp-content\/uploads\/2025\/12\/cd38ca90-79ac-48b2-9bd0-8d00d993e2aa-1024x678.jpeg 1024w, https:\/\/www.saloanoticias.com\/v1\/wp-content\/uploads\/2025\/12\/cd38ca90-79ac-48b2-9bd0-8d00d993e2aa-300x199.jpeg 300w, https:\/\/www.saloanoticias.com\/v1\/wp-content\/uploads\/2025\/12\/cd38ca90-79ac-48b2-9bd0-8d00d993e2aa-768x509.jpeg 768w, https:\/\/www.saloanoticias.com\/v1\/wp-content\/uploads\/2025\/12\/cd38ca90-79ac-48b2-9bd0-8d00d993e2aa.jpeg 1280w\" sizes=\"auto, (max-width: 1024px) 100vw, 1024px\" \/><\/figure>\n<\/div>\n\n\n<p>Durante a cerim\u00f4nia, foi destacado o trabalho pedag\u00f3gico desenvolvido pela equipe do CEI, que acompanhou de perto o processo de alfabetiza\u00e7\u00e3o inicial dos alunos. A proposta do arco-\u00edris refor\u00e7ou valores como inclus\u00e3o, respeito e criatividade, evidenciando a import\u00e2ncia do brincar e das atividades interativas na educa\u00e7\u00e3o infantil.<\/p>\n\n\n<div class=\"wp-block-image\">\n<figure class=\"aligncenter size-large\"><img loading=\"lazy\" decoding=\"async\" width=\"1024\" height=\"678\" src=\"https:\/\/www.saloanoticias.com\/v1\/wp-content\/uploads\/2025\/12\/6170d75d-0420-4d24-ae29-b160563f823f-1024x678.jpeg\" alt=\"\" class=\"wp-image-30611\" srcset=\"https:\/\/www.saloanoticias.com\/v1\/wp-content\/uploads\/2025\/12\/6170d75d-0420-4d24-ae29-b160563f823f-1024x678.jpeg 1024w, https:\/\/www.saloanoticias.com\/v1\/wp-content\/uploads\/2025\/12\/6170d75d-0420-4d24-ae29-b160563f823f-300x199.jpeg 300w, https:\/\/www.saloanoticias.com\/v1\/wp-content\/uploads\/2025\/12\/6170d75d-0420-4d24-ae29-b160563f823f-768x509.jpeg 768w, https:\/\/www.saloanoticias.com\/v1\/wp-content\/uploads\/2025\/12\/6170d75d-0420-4d24-ae29-b160563f823f.jpeg 1280w\" sizes=\"auto, (max-width: 1024px) 100vw, 1024px\" \/><\/figure>\n<\/div>\n\n\n<p>A formatura do ABC encerrou o calend\u00e1rio escolar da unidade e reafirmou o compromisso da Prefeitura de Salo\u00e1 com a educa\u00e7\u00e3o de base, valorizando professores, gestores e fam\u00edlias na constru\u00e7\u00e3o do aprendizado das crian\u00e7as do munic\u00edpio.<\/p>\n\n\n<div class=\"wp-block-image\">\n<figure class=\"aligncenter size-large\"><img loading=\"lazy\" decoding=\"async\" width=\"1024\" height=\"576\" src=\"https:\/\/www.saloanoticias.com\/v1\/wp-content\/uploads\/2025\/12\/IMG_1168-1024x576.jpeg\" alt=\"\" class=\"wp-image-30610\" srcset=\"https:\/\/www.saloanoticias.com\/v1\/wp-content\/uploads\/2025\/12\/IMG_1168-1024x576.jpeg 1024w, https:\/\/www.saloanoticias.com\/v1\/wp-content\/uploads\/2025\/12\/IMG_1168-300x169.jpeg 300w, https:\/\/www.saloanoticias.com\/v1\/wp-content\/uploads\/2025\/12\/IMG_1168-768x432.jpeg 768w, https:\/\/www.saloanoticias.com\/v1\/wp-content\/uploads\/2025\/12\/IMG_1168-1536x864.jpeg 1536w, https:\/\/www.saloanoticias.com\/v1\/wp-content\/uploads\/2025\/12\/IMG_1168-2048x1152.jpeg 2048w\" sizes=\"auto, (max-width: 1024px) 100vw, 1024px\" \/><\/figure>\n<\/div>\n\n<div class=\"wp-block-image\">\n<figure class=\"aligncenter size-large\"><img loading=\"lazy\" decoding=\"async\" width=\"1024\" height=\"576\" src=\"https:\/\/www.saloanoticias.com\/v1\/wp-content\/uploads\/2025\/12\/IMG_1166-1024x576.jpeg\" alt=\"\" class=\"wp-image-30609\" srcset=\"https:\/\/www.saloanoticias.com\/v1\/wp-content\/uploads\/2025\/12\/IMG_1166-1024x576.jpeg 1024w, https:\/\/www.saloanoticias.com\/v1\/wp-content\/uploads\/2025\/12\/IMG_1166-300x169.jpeg 300w, https:\/\/www.saloanoticias.com\/v1\/wp-content\/uploads\/2025\/12\/IMG_1166-768x432.jpeg 768w, https:\/\/www.saloanoticias.com\/v1\/wp-content\/uploads\/2025\/12\/IMG_1166-1536x864.jpeg 1536w, https:\/\/www.saloanoticias.com\/v1\/wp-content\/uploads\/2025\/12\/IMG_1166-2048x1152.jpeg 2048w\" sizes=\"auto, (max-width: 1024px) 100vw, 1024px\" \/><\/figure>\n<\/div>\n\n<div class=\"wp-block-image\">\n<figure class=\"aligncenter size-large\"><img loading=\"lazy\" decoding=\"async\" width=\"1024\" height=\"576\" src=\"https:\/\/www.saloanoticias.com\/v1\/wp-content\/uploads\/2025\/12\/IMG_1160-1024x576.jpeg\" alt=\"\" class=\"wp-image-30607\" srcset=\"https:\/\/www.saloanoticias.com\/v1\/wp-content\/uploads\/2025\/12\/IMG_1160-1024x576.jpeg 1024w, https:\/\/www.saloanoticias.com\/v1\/wp-content\/uploads\/2025\/12\/IMG_1160-300x169.jpeg 300w, https:\/\/www.saloanoticias.com\/v1\/wp-content\/uploads\/2025\/12\/IMG_1160-768x432.jpeg 768w, https:\/\/www.saloanoticias.com\/v1\/wp-content\/uploads\/2025\/12\/IMG_1160-1536x864.jpeg 1536w, https:\/\/www.saloanoticias.com\/v1\/wp-content\/uploads\/2025\/12\/IMG_1160-2048x1152.jpeg 2048w\" sizes=\"auto, (max-width: 1024px) 100vw, 1024px\" \/><\/figure>\n<\/div>\n\n<div class=\"wp-block-image\">\n<figure class=\"aligncenter size-large\"><img loading=\"lazy\" decoding=\"async\" width=\"1024\" height=\"576\" src=\"https:\/\/www.saloanoticias.com\/v1\/wp-content\/uploads\/2025\/12\/IMG_1159-1024x576.jpeg\" alt=\"\" class=\"wp-image-30608\" srcset=\"https:\/\/www.saloanoticias.com\/v1\/wp-content\/uploads\/2025\/12\/IMG_1159-1024x576.jpeg 1024w, https:\/\/www.saloanoticias.com\/v1\/wp-content\/uploads\/2025\/12\/IMG_1159-300x169.jpeg 300w, https:\/\/www.saloanoticias.com\/v1\/wp-content\/uploads\/2025\/12\/IMG_1159-768x432.jpeg 768w, https:\/\/www.saloanoticias.com\/v1\/wp-content\/uploads\/2025\/12\/IMG_1159-1536x864.jpeg 1536w, https:\/\/www.saloanoticias.com\/v1\/wp-content\/uploads\/2025\/12\/IMG_1159-2048x1152.jpeg 2048w\" sizes=\"auto, (max-width: 1024px) 100vw, 1024px\" \/><\/figure>\n<\/div><div style=\"margin-top: 0px; margin-bottom: 0px;\" class=\"sharethis-inline-share-buttons\" ><\/div>","protected":false},"excerpt":{"rendered":"<p>O Centro de Educa\u00e7\u00e3o Infantil (CEI) do munic\u00edpio de Salo\u00e1 realizou, no \u00faltimo s\u00e1bado (20), a formatura dos alunos do ABC, marcando o encerramento de uma importante etapa da educa\u00e7\u00e3o infantil. O evento, promovido pela rede municipal de ensino, teve como tema \u201cAs Cores do Arco-\u00cdris\u201d, simbolizando diversidade, alegria e o desenvolvimento das crian\u00e7as ao [&hellip;]<\/p>\n","protected":false},"author":1,"featured_media":30606,"comment_status":"closed","ping_status":"closed","sticky":false,"template":"","format":"standard","meta":{"footnotes":""},"categories":[17],"tags":[22],"class_list":["post-30602","post","type-post","status-publish","format-standard","has-post-thumbnail","hentry","category-educacao","tag-destaques"],"_links":{"self":[{"href":"https:\/\/www.saloanoticias.com\/v1\/wp-json\/wp\/v2\/posts\/30602","targetHints":{"allow":["GET"]}}],"collection":[{"href":"https:\/\/www.saloanoticias.com\/v1\/wp-json\/wp\/v2\/posts"}],"about":[{"href":"https:\/\/www.saloanoticias.com\/v1\/wp-json\/wp\/v2\/types\/post"}],"author":[{"embeddable":true,"href":"https:\/\/www.saloanoticias.com\/v1\/wp-json\/wp\/v2\/users\/1"}],"replies":[{"embeddable":true,"href":"https:\/\/www.saloanoticias.com\/v1\/wp-json\/wp\/v2\/comments?post=30602"}],"version-history":[{"count":3,"href":"https:\/\/www.saloanoticias.com\/v1\/wp-json\/wp\/v2\/posts\/30602\/revisions"}],"predecessor-version":[{"id":30615,"href":"https:\/\/www.saloanoticias.com\/v1\/wp-json\/wp\/v2\/posts\/30602\/revisions\/30615"}],"wp:featuredmedia":[{"embeddable":true,"href":"https:\/\/www.saloanoticias.com\/v1\/wp-json\/wp\/v2\/media\/30606"}],"wp:attachment":[{"href":"https:\/\/www.saloanoticias.com\/v1\/wp-json\/wp\/v2\/media?parent=30602"}],"wp:term":[{"taxonomy":"category","embeddable":true,"href":"https:\/\/www.saloanoticias.com\/v1\/wp-json\/wp\/v2\/categories?post=30602"},{"taxonomy":"post_tag","embeddable":true,"href":"https:\/\/www.saloanoticias.com\/v1\/wp-json\/wp\/v2\/tags?post=30602"}],"curies":[{"name":"wp","href":"https:\/\/api.w.org\/{rel}","templated":true}]}}