{"id":30459,"date":"2025-12-14T15:43:14","date_gmt":"2025-12-14T18:43:14","guid":{"rendered":"https:\/\/www.saloanoticias.com\/v1\/?p=30459"},"modified":"2025-12-14T15:51:50","modified_gmt":"2025-12-14T18:51:50","slug":"emocao-e-homenagens-marcam-formatura-das-criancas-do-abc-e-alunos-do-5o-ano-da-escola-municipal-do-sitio-santa-tereza","status":"publish","type":"post","link":"https:\/\/www.saloanoticias.com\/v1\/emocao-e-homenagens-marcam-formatura-das-criancas-do-abc-e-alunos-do-5o-ano-da-escola-municipal-do-sitio-santa-tereza\/","title":{"rendered":"Emo\u00e7\u00e3o e homenagens marcam formatura das crian\u00e7as do ABC e alunos do 5\u00ba ano da Escola Municipal do S\u00edtio Santa Tereza"},"content":{"rendered":"\n<p>A Escola Municipal do S\u00edtio Santa Tereza viveu, na manh\u00e3 da \u00faltima sexta-feira (12), um momento marcado por emo\u00e7\u00e3o, alegria e muita beleza com a realiza\u00e7\u00e3o da festa de formatura das crian\u00e7as do ABC e dos alunos do 5\u00ba ano. O evento reuniu alunos, familiares, professores e colaboradores da unidade escolar, celebrando uma importante etapa na vida educacional das crian\u00e7as.<\/p>\n\n\n<div class=\"wp-block-image\">\n<figure class=\"aligncenter size-full\"><img loading=\"lazy\" decoding=\"async\" width=\"845\" height=\"711\" src=\"https:\/\/www.saloanoticias.com\/v1\/wp-content\/uploads\/2025\/12\/IMG_0987.jpeg\" alt=\"\" class=\"wp-image-30469\" srcset=\"https:\/\/www.saloanoticias.com\/v1\/wp-content\/uploads\/2025\/12\/IMG_0987.jpeg 845w, https:\/\/www.saloanoticias.com\/v1\/wp-content\/uploads\/2025\/12\/IMG_0987-300x252.jpeg 300w, https:\/\/www.saloanoticias.com\/v1\/wp-content\/uploads\/2025\/12\/IMG_0987-768x646.jpeg 768w\" sizes=\"auto, (max-width: 845px) 100vw, 845px\" \/><\/figure>\n<\/div>\n\n<div class=\"wp-block-image\">\n<figure class=\"aligncenter size-large\"><img loading=\"lazy\" decoding=\"async\" width=\"1024\" height=\"768\" src=\"https:\/\/www.saloanoticias.com\/v1\/wp-content\/uploads\/2025\/12\/d5eae500-bdb6-4dbb-8902-427442b4c21e-1024x768.jpeg\" alt=\"\" class=\"wp-image-30462\" srcset=\"https:\/\/www.saloanoticias.com\/v1\/wp-content\/uploads\/2025\/12\/d5eae500-bdb6-4dbb-8902-427442b4c21e-1024x768.jpeg 1024w, https:\/\/www.saloanoticias.com\/v1\/wp-content\/uploads\/2025\/12\/d5eae500-bdb6-4dbb-8902-427442b4c21e-300x225.jpeg 300w, https:\/\/www.saloanoticias.com\/v1\/wp-content\/uploads\/2025\/12\/d5eae500-bdb6-4dbb-8902-427442b4c21e-768x576.jpeg 768w, https:\/\/www.saloanoticias.com\/v1\/wp-content\/uploads\/2025\/12\/d5eae500-bdb6-4dbb-8902-427442b4c21e.jpeg 1280w\" sizes=\"auto, (max-width: 1024px) 100vw, 1024px\" \/><\/figure>\n<\/div>\n\n\n<p>Com apresenta\u00e7\u00f5es encantadoras, sorrisos e olhares cheios de sonhos, os formandos protagonizaram uma cerim\u00f4nia que ficar\u00e1 guardada na mem\u00f3ria de todos os presentes. Um dos momentos mais comoventes da solenidade foi a homenagem prestada \u00e0 saudosa diretora Soraia, lembrada com carinho e respeito por sua dedica\u00e7\u00e3o, amor pela educa\u00e7\u00e3o e contribui\u00e7\u00e3o inestim\u00e1vel para o crescimento da escola.<\/p>\n\n\n<div class=\"wp-block-image\">\n<figure class=\"aligncenter size-large\"><img loading=\"lazy\" decoding=\"async\" width=\"1024\" height=\"768\" src=\"https:\/\/www.saloanoticias.com\/v1\/wp-content\/uploads\/2025\/12\/94c79a23-1522-4b4a-b7f5-17ae9af63062-1024x768.jpeg\" alt=\"\" class=\"wp-image-30463\" srcset=\"https:\/\/www.saloanoticias.com\/v1\/wp-content\/uploads\/2025\/12\/94c79a23-1522-4b4a-b7f5-17ae9af63062-1024x768.jpeg 1024w, https:\/\/www.saloanoticias.com\/v1\/wp-content\/uploads\/2025\/12\/94c79a23-1522-4b4a-b7f5-17ae9af63062-300x225.jpeg 300w, https:\/\/www.saloanoticias.com\/v1\/wp-content\/uploads\/2025\/12\/94c79a23-1522-4b4a-b7f5-17ae9af63062-768x576.jpeg 768w, https:\/\/www.saloanoticias.com\/v1\/wp-content\/uploads\/2025\/12\/94c79a23-1522-4b4a-b7f5-17ae9af63062.jpeg 1280w\" sizes=\"auto, (max-width: 1024px) 100vw, 1024px\" \/><\/figure>\n<\/div>\n\n\n<p>A homenagem emocionou familiares, educadores e a comunidade escolar, refor\u00e7ando o legado deixado por Soraia na forma\u00e7\u00e3o de gera\u00e7\u00f5es de alunos. A formatura simbolizou n\u00e3o apenas o encerramento de um ciclo, mas tamb\u00e9m o in\u00edcio de novos desafios e conquistas para os estudantes, reafirmando o compromisso da escola com uma educa\u00e7\u00e3o de qualidade, pautada no afeto, no respeito e na valoriza\u00e7\u00e3o da hist\u00f3ria de quem ajudou a construir a institui\u00e7\u00e3o.<\/p>\n\n\n<div class=\"wp-block-image\">\n<figure class=\"aligncenter size-full\"><img loading=\"lazy\" decoding=\"async\" width=\"847\" height=\"711\" src=\"https:\/\/www.saloanoticias.com\/v1\/wp-content\/uploads\/2025\/12\/IMG_0986.jpeg\" alt=\"\" class=\"wp-image-30470\" srcset=\"https:\/\/www.saloanoticias.com\/v1\/wp-content\/uploads\/2025\/12\/IMG_0986.jpeg 847w, https:\/\/www.saloanoticias.com\/v1\/wp-content\/uploads\/2025\/12\/IMG_0986-300x252.jpeg 300w, https:\/\/www.saloanoticias.com\/v1\/wp-content\/uploads\/2025\/12\/IMG_0986-768x645.jpeg 768w\" sizes=\"auto, (max-width: 847px) 100vw, 847px\" \/><\/figure>\n<\/div>\n\n<div class=\"wp-block-image\">\n<figure class=\"aligncenter size-large\"><img loading=\"lazy\" decoding=\"async\" width=\"1024\" height=\"768\" src=\"https:\/\/www.saloanoticias.com\/v1\/wp-content\/uploads\/2025\/12\/993de61c-a686-4815-b0fc-4834462f7248-1024x768.jpeg\" alt=\"\" class=\"wp-image-30461\" srcset=\"https:\/\/www.saloanoticias.com\/v1\/wp-content\/uploads\/2025\/12\/993de61c-a686-4815-b0fc-4834462f7248-1024x768.jpeg 1024w, https:\/\/www.saloanoticias.com\/v1\/wp-content\/uploads\/2025\/12\/993de61c-a686-4815-b0fc-4834462f7248-300x225.jpeg 300w, https:\/\/www.saloanoticias.com\/v1\/wp-content\/uploads\/2025\/12\/993de61c-a686-4815-b0fc-4834462f7248-768x576.jpeg 768w, https:\/\/www.saloanoticias.com\/v1\/wp-content\/uploads\/2025\/12\/993de61c-a686-4815-b0fc-4834462f7248.jpeg 1280w\" sizes=\"auto, (max-width: 1024px) 100vw, 1024px\" \/><\/figure>\n<\/div>\n\n\n<p>A manh\u00e3 festiva foi, sem d\u00favidas, um retrato da uni\u00e3o entre escola e comunidade, celebrando o presente e renovando as esperan\u00e7as para o futuro. Segundo a atual diretora da escola, Rafaela Fran\u00e7a, as atividades escolares continuam no pr\u00f3ximo ano com mais empenho e dedica\u00e7\u00e3o por parte dos que fazem a institui\u00e7\u00e3o de ensino. A formatura foi acompanhada por membros da Secretaria de Educa\u00e7\u00e3o e autoridades locais.<\/p>\n\n\n<div class=\"wp-block-image\">\n<figure class=\"aligncenter size-full\"><img loading=\"lazy\" decoding=\"async\" width=\"960\" height=\"716\" src=\"https:\/\/www.saloanoticias.com\/v1\/wp-content\/uploads\/2025\/12\/IMG_0988.jpeg\" alt=\"\" class=\"wp-image-30468\" srcset=\"https:\/\/www.saloanoticias.com\/v1\/wp-content\/uploads\/2025\/12\/IMG_0988.jpeg 960w, https:\/\/www.saloanoticias.com\/v1\/wp-content\/uploads\/2025\/12\/IMG_0988-300x224.jpeg 300w, https:\/\/www.saloanoticias.com\/v1\/wp-content\/uploads\/2025\/12\/IMG_0988-768x573.jpeg 768w\" sizes=\"auto, (max-width: 960px) 100vw, 960px\" \/><\/figure>\n<\/div><div style=\"margin-top: 0px; margin-bottom: 0px;\" class=\"sharethis-inline-share-buttons\" ><\/div>","protected":false},"excerpt":{"rendered":"<p>A Escola Municipal do S\u00edtio Santa Tereza viveu, na manh\u00e3 da \u00faltima sexta-feira (12), um momento marcado por emo\u00e7\u00e3o, alegria e muita beleza com a realiza\u00e7\u00e3o da festa de formatura das crian\u00e7as do ABC e dos alunos do 5\u00ba ano. O evento reuniu alunos, familiares, professores e colaboradores da unidade escolar, celebrando uma importante etapa [&hellip;]<\/p>\n","protected":false},"author":1,"featured_media":30460,"comment_status":"closed","ping_status":"closed","sticky":false,"template":"","format":"standard","meta":{"footnotes":""},"categories":[17],"tags":[22],"class_list":["post-30459","post","type-post","status-publish","format-standard","has-post-thumbnail","hentry","category-educacao","tag-destaques"],"_links":{"self":[{"href":"https:\/\/www.saloanoticias.com\/v1\/wp-json\/wp\/v2\/posts\/30459","targetHints":{"allow":["GET"]}}],"collection":[{"href":"https:\/\/www.saloanoticias.com\/v1\/wp-json\/wp\/v2\/posts"}],"about":[{"href":"https:\/\/www.saloanoticias.com\/v1\/wp-json\/wp\/v2\/types\/post"}],"author":[{"embeddable":true,"href":"https:\/\/www.saloanoticias.com\/v1\/wp-json\/wp\/v2\/users\/1"}],"replies":[{"embeddable":true,"href":"https:\/\/www.saloanoticias.com\/v1\/wp-json\/wp\/v2\/comments?post=30459"}],"version-history":[{"count":3,"href":"https:\/\/www.saloanoticias.com\/v1\/wp-json\/wp\/v2\/posts\/30459\/revisions"}],"predecessor-version":[{"id":30471,"href":"https:\/\/www.saloanoticias.com\/v1\/wp-json\/wp\/v2\/posts\/30459\/revisions\/30471"}],"wp:featuredmedia":[{"embeddable":true,"href":"https:\/\/www.saloanoticias.com\/v1\/wp-json\/wp\/v2\/media\/30460"}],"wp:attachment":[{"href":"https:\/\/www.saloanoticias.com\/v1\/wp-json\/wp\/v2\/media?parent=30459"}],"wp:term":[{"taxonomy":"category","embeddable":true,"href":"https:\/\/www.saloanoticias.com\/v1\/wp-json\/wp\/v2\/categories?post=30459"},{"taxonomy":"post_tag","embeddable":true,"href":"https:\/\/www.saloanoticias.com\/v1\/wp-json\/wp\/v2\/tags?post=30459"}],"curies":[{"name":"wp","href":"https:\/\/api.w.org\/{rel}","templated":true}]}}