{"id":30376,"date":"2025-12-07T11:40:27","date_gmt":"2025-12-07T14:40:27","guid":{"rendered":"https:\/\/www.saloanoticias.com\/v1\/?p=30376"},"modified":"2025-12-07T11:43:42","modified_gmt":"2025-12-07T14:43:42","slug":"carreta-da-mulher-realiza-atendimentos-em-saloa-de-11-a-13-de-dezembro-na-praca-agamenon-magalhaes","status":"publish","type":"post","link":"https:\/\/www.saloanoticias.com\/v1\/carreta-da-mulher-realiza-atendimentos-em-saloa-de-11-a-13-de-dezembro-na-praca-agamenon-magalhaes\/","title":{"rendered":"Carreta da Mulher realiza atendimentos em Salo\u00e1 de 11 a 13 de dezembro na Pra\u00e7a Agamenon Magalh\u00e3es"},"content":{"rendered":"\n<p>Salo\u00e1 receber\u00e1, entre os dias 11 e 13 de dezembro, a Carreta da Mulher, uma importante iniciativa voltada para a promo\u00e7\u00e3o da sa\u00fade feminina. A unidade m\u00f3vel ficar\u00e1 instalada na Pra\u00e7a Agamenon Magalh\u00e3es, no centro da cidade, oferecendo uma ampla gama de servi\u00e7os gratuitos e especializados.<\/p>\n\n\n\n<p>Durante os tr\u00eas dias de atendimento, as mulheres saloaenses ter\u00e3o acesso a diversos exames e consultas, incluindo: Mamografia, Ultrassom de mama, Colposcopia, Bi\u00f3psia de n\u00f3dulo de mama guiada por ultrassom, Bi\u00f3psia de les\u00e3o de colo de \u00fatero, Consulta com mastologista e Consulta com ginecologista.<\/p>\n\n\n\n<p>A presen\u00e7a da Carreta da Mulher representa um avan\u00e7o significativo nas a\u00e7\u00f5es de preven\u00e7\u00e3o, diagn\u00f3stico precoce e cuidado integral da sa\u00fade feminina no munic\u00edpio. A iniciativa busca facilitar o acesso a exames muitas vezes dispon\u00edveis apenas em centros maiores, garantindo mais comodidade e acolhimento \u00e0s pacientes.<\/p>\n\n\n\n<p>A gest\u00e3o municipal refor\u00e7a a import\u00e2ncia da participa\u00e7\u00e3o da popula\u00e7\u00e3o, especialmente pela relev\u00e2ncia do acompanhamento preventivo, que pode salvar vidas. A Carreta funcionar\u00e1 de quarta a sexta-feira, oferecendo atendimento qualificado e gratuito para todas as mulheres que necessitarem dos servi\u00e7os.<\/p>\n\n\n<div class=\"wp-block-image\">\n<figure class=\"aligncenter size-large\"><img loading=\"lazy\" decoding=\"async\" width=\"838\" height=\"1024\" src=\"https:\/\/www.saloanoticias.com\/v1\/wp-content\/uploads\/2025\/12\/IMG_0742-838x1024.jpeg\" alt=\"\" class=\"wp-image-30377\" srcset=\"https:\/\/www.saloanoticias.com\/v1\/wp-content\/uploads\/2025\/12\/IMG_0742-838x1024.jpeg 838w, https:\/\/www.saloanoticias.com\/v1\/wp-content\/uploads\/2025\/12\/IMG_0742-245x300.jpeg 245w, https:\/\/www.saloanoticias.com\/v1\/wp-content\/uploads\/2025\/12\/IMG_0742-768x939.jpeg 768w, https:\/\/www.saloanoticias.com\/v1\/wp-content\/uploads\/2025\/12\/IMG_0742.jpeg 1206w\" sizes=\"auto, (max-width: 838px) 100vw, 838px\" \/><\/figure>\n<\/div><div style=\"margin-top: 0px; margin-bottom: 0px;\" class=\"sharethis-inline-share-buttons\" ><\/div>","protected":false},"excerpt":{"rendered":"<p>Salo\u00e1 receber\u00e1, entre os dias 11 e 13 de dezembro, a Carreta da Mulher, uma importante iniciativa voltada para a promo\u00e7\u00e3o da sa\u00fade feminina. A unidade m\u00f3vel ficar\u00e1 instalada na Pra\u00e7a Agamenon Magalh\u00e3es, no centro da cidade, oferecendo uma ampla gama de servi\u00e7os gratuitos e especializados. Durante os tr\u00eas dias de atendimento, as mulheres saloaenses [&hellip;]<\/p>\n","protected":false},"author":1,"featured_media":30379,"comment_status":"closed","ping_status":"closed","sticky":false,"template":"","format":"standard","meta":{"footnotes":""},"categories":[2,18],"tags":[22],"class_list":["post-30376","post","type-post","status-publish","format-standard","has-post-thumbnail","hentry","category-noticias-do-dia","category-saude","tag-destaques"],"_links":{"self":[{"href":"https:\/\/www.saloanoticias.com\/v1\/wp-json\/wp\/v2\/posts\/30376","targetHints":{"allow":["GET"]}}],"collection":[{"href":"https:\/\/www.saloanoticias.com\/v1\/wp-json\/wp\/v2\/posts"}],"about":[{"href":"https:\/\/www.saloanoticias.com\/v1\/wp-json\/wp\/v2\/types\/post"}],"author":[{"embeddable":true,"href":"https:\/\/www.saloanoticias.com\/v1\/wp-json\/wp\/v2\/users\/1"}],"replies":[{"embeddable":true,"href":"https:\/\/www.saloanoticias.com\/v1\/wp-json\/wp\/v2\/comments?post=30376"}],"version-history":[{"count":2,"href":"https:\/\/www.saloanoticias.com\/v1\/wp-json\/wp\/v2\/posts\/30376\/revisions"}],"predecessor-version":[{"id":30381,"href":"https:\/\/www.saloanoticias.com\/v1\/wp-json\/wp\/v2\/posts\/30376\/revisions\/30381"}],"wp:featuredmedia":[{"embeddable":true,"href":"https:\/\/www.saloanoticias.com\/v1\/wp-json\/wp\/v2\/media\/30379"}],"wp:attachment":[{"href":"https:\/\/www.saloanoticias.com\/v1\/wp-json\/wp\/v2\/media?parent=30376"}],"wp:term":[{"taxonomy":"category","embeddable":true,"href":"https:\/\/www.saloanoticias.com\/v1\/wp-json\/wp\/v2\/categories?post=30376"},{"taxonomy":"post_tag","embeddable":true,"href":"https:\/\/www.saloanoticias.com\/v1\/wp-json\/wp\/v2\/tags?post=30376"}],"curies":[{"name":"wp","href":"https:\/\/api.w.org\/{rel}","templated":true}]}}