{"id":30355,"date":"2025-12-05T16:12:12","date_gmt":"2025-12-05T19:12:12","guid":{"rendered":"https:\/\/www.saloanoticias.com\/v1\/?p=30355"},"modified":"2025-12-06T12:18:24","modified_gmt":"2025-12-06T15:18:24","slug":"motorista-de-ambulancia-jaldemo-viana-morre-aos-56-anos-possivelmente-vitima-de-infarto","status":"publish","type":"post","link":"https:\/\/www.saloanoticias.com\/v1\/motorista-de-ambulancia-jaldemo-viana-morre-aos-56-anos-possivelmente-vitima-de-infarto\/","title":{"rendered":"Vel\u00f3rio de Jaldemo Viana est\u00e1 acontecendo no Gigante e sepultamento ser\u00e1 \u00e0s 16h naquele povoado"},"content":{"rendered":"\n<p>A cidade de Salo\u00e1 recebeu, na tarde desta sexta-feira (5), a triste not\u00edcia da morte de Jaldemo Viana de Almeida, de 56 anos, motorista de ambul\u00e2ncia e figura bastante conhecida pela dedica\u00e7\u00e3o ao servi\u00e7o de sa\u00fade local. Segundo informa\u00e7\u00f5es iniciais, Jaldemo teria sido v\u00edtima de um infarto fulminante.<\/p>\n\n\n\n<p>O profissional, que atuou por muitos anos no atendimento de urg\u00eancia, era reconhecido pela responsabilidade, pontualidade e pelo cuidado com que tratava pacientes e colegas de trabalho. Sua partida repentina gerou grande como\u00e7\u00e3o entre servidores da sa\u00fade, familiares e amigos.<\/p>\n\n\n\n<p>Jaldemo deixa um legado de servi\u00e7o prestado \u00e0 popula\u00e7\u00e3o e ser\u00e1 lembrado por sua postura exemplar e pela humanidade com que conduziu sua profiss\u00e3o. O vel\u00f3rio est\u00e1 sendo realizado no Gigante e o sepultamento ser\u00e1 \u00e0s 16h naquele povoado. A comunidade lamenta profundamente a perda e presta solidariedade aos familiares neste momento de dor.<\/p>\n<div style=\"margin-top: 0px; margin-bottom: 0px;\" class=\"sharethis-inline-share-buttons\" ><\/div>","protected":false},"excerpt":{"rendered":"<p>A cidade de Salo\u00e1 recebeu, na tarde desta sexta-feira (5), a triste not\u00edcia da morte de Jaldemo Viana de Almeida, de 56 anos, motorista de ambul\u00e2ncia e figura bastante conhecida pela dedica\u00e7\u00e3o ao servi\u00e7o de sa\u00fade local. Segundo informa\u00e7\u00f5es iniciais, Jaldemo teria sido v\u00edtima de um infarto fulminante. O profissional, que atuou por muitos anos [&hellip;]<\/p>\n","protected":false},"author":1,"featured_media":30356,"comment_status":"closed","ping_status":"closed","sticky":false,"template":"","format":"standard","meta":{"footnotes":""},"categories":[2],"tags":[22],"class_list":["post-30355","post","type-post","status-publish","format-standard","has-post-thumbnail","hentry","category-noticias-do-dia","tag-destaques"],"_links":{"self":[{"href":"https:\/\/www.saloanoticias.com\/v1\/wp-json\/wp\/v2\/posts\/30355","targetHints":{"allow":["GET"]}}],"collection":[{"href":"https:\/\/www.saloanoticias.com\/v1\/wp-json\/wp\/v2\/posts"}],"about":[{"href":"https:\/\/www.saloanoticias.com\/v1\/wp-json\/wp\/v2\/types\/post"}],"author":[{"embeddable":true,"href":"https:\/\/www.saloanoticias.com\/v1\/wp-json\/wp\/v2\/users\/1"}],"replies":[{"embeddable":true,"href":"https:\/\/www.saloanoticias.com\/v1\/wp-json\/wp\/v2\/comments?post=30355"}],"version-history":[{"count":2,"href":"https:\/\/www.saloanoticias.com\/v1\/wp-json\/wp\/v2\/posts\/30355\/revisions"}],"predecessor-version":[{"id":30362,"href":"https:\/\/www.saloanoticias.com\/v1\/wp-json\/wp\/v2\/posts\/30355\/revisions\/30362"}],"wp:featuredmedia":[{"embeddable":true,"href":"https:\/\/www.saloanoticias.com\/v1\/wp-json\/wp\/v2\/media\/30356"}],"wp:attachment":[{"href":"https:\/\/www.saloanoticias.com\/v1\/wp-json\/wp\/v2\/media?parent=30355"}],"wp:term":[{"taxonomy":"category","embeddable":true,"href":"https:\/\/www.saloanoticias.com\/v1\/wp-json\/wp\/v2\/categories?post=30355"},{"taxonomy":"post_tag","embeddable":true,"href":"https:\/\/www.saloanoticias.com\/v1\/wp-json\/wp\/v2\/tags?post=30355"}],"curies":[{"name":"wp","href":"https:\/\/api.w.org\/{rel}","templated":true}]}}