{"id":30320,"date":"2025-12-04T07:14:27","date_gmt":"2025-12-04T10:14:27","guid":{"rendered":"https:\/\/www.saloanoticias.com\/v1\/?p=30320"},"modified":"2025-12-04T11:10:39","modified_gmt":"2025-12-04T14:10:39","slug":"30320-2","status":"publish","type":"post","link":"https:\/\/www.saloanoticias.com\/v1\/30320-2\/","title":{"rendered":"Projeto Farol Viajante tem in\u00edcio nesta quinta-feira (4) em Salo\u00e1"},"content":{"rendered":"\n<p>O Minist\u00e9rio da Cultura e o Banco Santander, chegaram esta semana em Salo\u00e1\/PE, com o Projeto Social Integrado Santander, que contempla a\u00e7\u00f5es de m\u00fasica, esporte e empreendedorismo, bem como o &#8220;Farol Viajante&#8221;, com a exposi\u00e7\u00e3o imersiva&nbsp;OCEANVS&nbsp;&#8211; Imers\u00e3o em azul, uma experi\u00eancia art\u00edstica sobre a \u00e1gua. O nome Farol Viajante \u00e9 uma refer\u00eancia ao Farol Santander S\u00e3o Paulo, centro cultural instalado no ic\u00f4nico edif\u00edcio Altino Arantes, e ao Farol Santander Porto Alegre, espa\u00e7os que se consolidaram como&nbsp;p\u00f3los&nbsp;de arte, cultura e inova\u00e7\u00e3o.<\/p>\n\n\n\n<p>A vers\u00e3o itinerante leva agora a experi\u00eancia cultural do banco para diferentes regi\u00f5es do Brasil. A exposi\u00e7\u00e3o foi montada em uma carreta customizada, que se transforma em sala expositiva com proje\u00e7\u00f5es nas paredes e no piso, criando uma experi\u00eancia interativa de cerca de 20 minutos. O p\u00fablico percorre o espa\u00e7o e \u00e9 envolvido por imagens imersivas que evocam a imensid\u00e3o dos oceanos, a import\u00e2ncia da \u00e1gua na sociedade e no imagin\u00e1rio humano.<\/p>\n\n\n\n<p>Com curadoria de&nbsp;Antonio&nbsp;Curti, cria\u00e7\u00e3o da&nbsp;AYA&nbsp;Studio, dire\u00e7\u00e3o de Felipe&nbsp;Sztutman, trilha sonora original de&nbsp;Juvi,&nbsp;OCEANVS&nbsp;\u00e9 100% autoral e combina arte digital, m\u00fasica e interatividade. \u201cEsta mostra \u00e9 uma jornada imersiva et\u00e9rea dentro do elemento \u00e1gua e a sua representa\u00e7\u00e3o. Primordial para a sobreviv\u00eancia da humanidade e do planeta, a rela\u00e7\u00e3o com a \u00e1gua se estabelece antes mesmo do nosso nascimento e se propaga por toda a vida.<\/p>\n\n\n\n<p>O l\u00edquido que nos sacia, as praias que nos acalmam e as piscinas que replicam a sensa\u00e7\u00e3o do ventre materno s\u00e3o signos da relev\u00e2ncia desse elemento para o ser humano\u201d, reflete&nbsp;Antonio&nbsp;Curti, curador da exposi\u00e7\u00e3o. \u201cO Farol Viajante \u00e9 uma oportunidade de levar arte e reflex\u00e3o a diferentes p\u00fablicos, aproximando a cultura de quem nem sempre tem acesso a experi\u00eancias desse porte\u201d, afirma Bibiana Berg,&nbsp;head&nbsp;de Experi\u00eancia, Cultura e Impacto Social do Santander.<\/p>\n\n\n\n<p>A chegada do Farol Viajante a Salo\u00e1 tamb\u00e9m simboliza a forte parceria entre o&nbsp;Minist\u00e9rio da Cultura,&nbsp;Banco Santander e a Prefeitura Municipal de Salo\u00e1, juntamente com a Secretaria Municipal de Educa\u00e7\u00e3o.&nbsp;O Prefeito J\u00fanior de Rivaldo,&nbsp;refor\u00e7a, mais uma vez, seu compromisso em promover experi\u00eancias inovadoras e enriquecedoras para a popula\u00e7\u00e3o&nbsp;saloaense, garantindo acesso \u00e0 cultura, ao conhecimento e a a\u00e7\u00f5es que valorizam e transformam a vida das pessoas: Servi\u00e7o&nbsp;acontecer\u00e1:<\/p>\n\n\n\n<p class=\"has-text-align-center\">LOCAL: Pra\u00e7a de eventos Agamenon Magalh\u00e3es, Centro<\/p>\n\n\n\n<p class=\"has-text-align-center\">DATA: de 04 a 07 de dezembro<\/p>\n\n\n\n<p class=\"has-text-align-center\">HOR\u00c1RIO: das&nbsp;9h&nbsp;\u00e0s&nbsp;13h\/ das&nbsp;14h&nbsp;\u00e0s&nbsp;18h<\/p>\n\n\n<div class=\"wp-block-image\">\n<figure class=\"aligncenter size-large\"><img loading=\"lazy\" decoding=\"async\" width=\"1024\" height=\"576\" src=\"https:\/\/www.saloanoticias.com\/v1\/wp-content\/uploads\/2025\/12\/4502840b-6b7c-470c-8c30-112be6e3c3f3-1024x576.jpeg\" alt=\"\" class=\"wp-image-30333\" srcset=\"https:\/\/www.saloanoticias.com\/v1\/wp-content\/uploads\/2025\/12\/4502840b-6b7c-470c-8c30-112be6e3c3f3-1024x576.jpeg 1024w, https:\/\/www.saloanoticias.com\/v1\/wp-content\/uploads\/2025\/12\/4502840b-6b7c-470c-8c30-112be6e3c3f3-300x169.jpeg 300w, https:\/\/www.saloanoticias.com\/v1\/wp-content\/uploads\/2025\/12\/4502840b-6b7c-470c-8c30-112be6e3c3f3-768x432.jpeg 768w, https:\/\/www.saloanoticias.com\/v1\/wp-content\/uploads\/2025\/12\/4502840b-6b7c-470c-8c30-112be6e3c3f3.jpeg 1280w\" sizes=\"auto, (max-width: 1024px) 100vw, 1024px\" \/><\/figure>\n<\/div><div style=\"margin-top: 0px; margin-bottom: 0px;\" class=\"sharethis-inline-share-buttons\" ><\/div>","protected":false},"excerpt":{"rendered":"<p>O Minist\u00e9rio da Cultura e o Banco Santander, chegaram esta semana em Salo\u00e1\/PE, com o Projeto Social Integrado Santander, que contempla a\u00e7\u00f5es de m\u00fasica, esporte e empreendedorismo, bem como o &#8220;Farol Viajante&#8221;, com a exposi\u00e7\u00e3o imersiva&nbsp;OCEANVS&nbsp;&#8211; Imers\u00e3o em azul, uma experi\u00eancia art\u00edstica sobre a \u00e1gua. O nome Farol Viajante \u00e9 uma refer\u00eancia ao Farol Santander [&hellip;]<\/p>\n","protected":false},"author":1,"featured_media":30321,"comment_status":"closed","ping_status":"closed","sticky":false,"template":"","format":"standard","meta":{"footnotes":""},"categories":[17],"tags":[22],"class_list":["post-30320","post","type-post","status-publish","format-standard","has-post-thumbnail","hentry","category-educacao","tag-destaques"],"_links":{"self":[{"href":"https:\/\/www.saloanoticias.com\/v1\/wp-json\/wp\/v2\/posts\/30320","targetHints":{"allow":["GET"]}}],"collection":[{"href":"https:\/\/www.saloanoticias.com\/v1\/wp-json\/wp\/v2\/posts"}],"about":[{"href":"https:\/\/www.saloanoticias.com\/v1\/wp-json\/wp\/v2\/types\/post"}],"author":[{"embeddable":true,"href":"https:\/\/www.saloanoticias.com\/v1\/wp-json\/wp\/v2\/users\/1"}],"replies":[{"embeddable":true,"href":"https:\/\/www.saloanoticias.com\/v1\/wp-json\/wp\/v2\/comments?post=30320"}],"version-history":[{"count":8,"href":"https:\/\/www.saloanoticias.com\/v1\/wp-json\/wp\/v2\/posts\/30320\/revisions"}],"predecessor-version":[{"id":30334,"href":"https:\/\/www.saloanoticias.com\/v1\/wp-json\/wp\/v2\/posts\/30320\/revisions\/30334"}],"wp:featuredmedia":[{"embeddable":true,"href":"https:\/\/www.saloanoticias.com\/v1\/wp-json\/wp\/v2\/media\/30321"}],"wp:attachment":[{"href":"https:\/\/www.saloanoticias.com\/v1\/wp-json\/wp\/v2\/media?parent=30320"}],"wp:term":[{"taxonomy":"category","embeddable":true,"href":"https:\/\/www.saloanoticias.com\/v1\/wp-json\/wp\/v2\/categories?post=30320"},{"taxonomy":"post_tag","embeddable":true,"href":"https:\/\/www.saloanoticias.com\/v1\/wp-json\/wp\/v2\/tags?post=30320"}],"curies":[{"name":"wp","href":"https:\/\/api.w.org\/{rel}","templated":true}]}}