{"id":30260,"date":"2025-11-29T12:44:22","date_gmt":"2025-11-29T15:44:22","guid":{"rendered":"https:\/\/www.saloanoticias.com\/v1\/?p=30260"},"modified":"2025-11-29T12:46:38","modified_gmt":"2025-11-29T15:46:38","slug":"faleceu-em-santa-catarina-o-saloaense-rafael-campos-de-31-anos-sobrinho-do-empresario-bide","status":"publish","type":"post","link":"https:\/\/www.saloanoticias.com\/v1\/faleceu-em-santa-catarina-o-saloaense-rafael-campos-de-31-anos-sobrinho-do-empresario-bide\/","title":{"rendered":"Faleceu em Santa Catarina, o saloaense Rafael Campos, de 31 anos, sobrinho do empres\u00e1rio Bid\u00e9"},"content":{"rendered":"\n<p>A comunidade de Salo\u00e1 recebeu, nesta sexta-feira (28), a not\u00edcia do falecimento de Rafael Campos da Silva, de 31 anos, que atualmente residia em Balne\u00e1rio Cambori\u00fa (SC). Rafael era sobrinho do empres\u00e1rio Bid\u00e9, bastante conhecido no munic\u00edpio, e sua partida precoce provocou consterna\u00e7\u00e3o entre familiares e amigos, que o lembram pela alegria serena e pelo esp\u00edrito sempre acolhedor.<\/p>\n\n\n\n<p>Segundo informa\u00e7\u00f5es da fam\u00edlia, o corpo de Rafael ser\u00e1 cremado em Balne\u00e1rio Cambori\u00fa em uma cerim\u00f4nia reservada, restrita a parentes e amigos pr\u00f3ximos. A decis\u00e3o busca preservar a intimidade do momento e oferecer um espa\u00e7o de despedida mais silencioso para aqueles que conviveram de perto com ele.<\/p>\n\n\n\n<p>A morte do jovem saloaense gerou grande como\u00e7\u00e3o nas redes sociais, onde diversas mensagens de pesar t\u00eam sido compartilhadas desde o an\u00fancio. Rafael deixa saudades profundas e um rastro de lembran\u00e7as afetivas que seguem iluminando aqueles que tiveram o privil\u00e9gio de fazer parte de sua trajet\u00f3ria.<\/p>\n<div style=\"margin-top: 0px; margin-bottom: 0px;\" class=\"sharethis-inline-share-buttons\" ><\/div>","protected":false},"excerpt":{"rendered":"<p>A comunidade de Salo\u00e1 recebeu, nesta sexta-feira (28), a not\u00edcia do falecimento de Rafael Campos da Silva, de 31 anos, que atualmente residia em Balne\u00e1rio Cambori\u00fa (SC). Rafael era sobrinho do empres\u00e1rio Bid\u00e9, bastante conhecido no munic\u00edpio, e sua partida precoce provocou consterna\u00e7\u00e3o entre familiares e amigos, que o lembram pela alegria serena e pelo [&hellip;]<\/p>\n","protected":false},"author":1,"featured_media":30262,"comment_status":"closed","ping_status":"closed","sticky":false,"template":"","format":"standard","meta":{"footnotes":""},"categories":[2],"tags":[22],"class_list":["post-30260","post","type-post","status-publish","format-standard","has-post-thumbnail","hentry","category-noticias-do-dia","tag-destaques"],"_links":{"self":[{"href":"https:\/\/www.saloanoticias.com\/v1\/wp-json\/wp\/v2\/posts\/30260","targetHints":{"allow":["GET"]}}],"collection":[{"href":"https:\/\/www.saloanoticias.com\/v1\/wp-json\/wp\/v2\/posts"}],"about":[{"href":"https:\/\/www.saloanoticias.com\/v1\/wp-json\/wp\/v2\/types\/post"}],"author":[{"embeddable":true,"href":"https:\/\/www.saloanoticias.com\/v1\/wp-json\/wp\/v2\/users\/1"}],"replies":[{"embeddable":true,"href":"https:\/\/www.saloanoticias.com\/v1\/wp-json\/wp\/v2\/comments?post=30260"}],"version-history":[{"count":1,"href":"https:\/\/www.saloanoticias.com\/v1\/wp-json\/wp\/v2\/posts\/30260\/revisions"}],"predecessor-version":[{"id":30261,"href":"https:\/\/www.saloanoticias.com\/v1\/wp-json\/wp\/v2\/posts\/30260\/revisions\/30261"}],"wp:featuredmedia":[{"embeddable":true,"href":"https:\/\/www.saloanoticias.com\/v1\/wp-json\/wp\/v2\/media\/30262"}],"wp:attachment":[{"href":"https:\/\/www.saloanoticias.com\/v1\/wp-json\/wp\/v2\/media?parent=30260"}],"wp:term":[{"taxonomy":"category","embeddable":true,"href":"https:\/\/www.saloanoticias.com\/v1\/wp-json\/wp\/v2\/categories?post=30260"},{"taxonomy":"post_tag","embeddable":true,"href":"https:\/\/www.saloanoticias.com\/v1\/wp-json\/wp\/v2\/tags?post=30260"}],"curies":[{"name":"wp","href":"https:\/\/api.w.org\/{rel}","templated":true}]}}