{"id":30252,"date":"2025-12-14T11:50:40","date_gmt":"2025-12-14T14:50:40","guid":{"rendered":"https:\/\/www.saloanoticias.com\/v1\/?p=30252"},"modified":"2025-12-14T11:52:41","modified_gmt":"2025-12-14T14:52:41","slug":"762-mil-pernambucanos-ficam-isentos-do-imposto-de-renda-apos-lei-sancionada-pelo-presidente-lula","status":"publish","type":"post","link":"https:\/\/www.saloanoticias.com\/v1\/762-mil-pernambucanos-ficam-isentos-do-imposto-de-renda-apos-lei-sancionada-pelo-presidente-lula\/","title":{"rendered":"76,2 mil pernambucanos ficam isentos do Imposto de Renda ap\u00f3s lei sancionada pelo presidente Lula"},"content":{"rendered":"\n<p>O presidente Lula sancionou no \u00faltimo dia 26 de novembro, a lei que amplia a faixa de isen\u00e7\u00e3o do Imposto de Renda Pessoa F\u00edsica (IRPF) para contribuintes que recebem at\u00e9 R$ 5 mil mensais. A medida, uma das mais aguardadas na \u00e1rea econ\u00f4mica, tamb\u00e9m estabelece descontos parciais para rendas de at\u00e9 R$ 7.350. As novas regras passam a valer j\u00e1 para a declara\u00e7\u00e3o do pr\u00f3ximo ano.<br><br>Em Pernambuco, as mudan\u00e7as no Imposto de Renda v\u00e3o passar a ter impacto direto em cerca de 432,9 mil contribuintes. De acordo com informa\u00e7\u00f5es do Centro de Estudos Tribut\u00e1rios e Aduaneiros da Receita Federal (CETAD), a estimativa \u00e9 de que 276.257 trabalhadores que ganham at\u00e9 R$ 5 mil por m\u00eas no estado deixem de pagar o tributo a partir de 2026, enquanto 156.688 pessoas, com renda entre R$ 5 mil e R$ 7,35 mil mensais, tenham descontos progressivos.<\/p>\n\n\n\n<p><br>Atualmente, cerca de 419,2 mil declarantes de Imposto de Renda em Pernambuco j\u00e1 n\u00e3o pagam o IR. Com as novas mudan\u00e7as, o n\u00famero vai praticamente duplicar e chegar a cerca de 695,4 mil contribuintes completamente isentos.<\/p>\n<div style=\"margin-top: 0px; margin-bottom: 0px;\" class=\"sharethis-inline-share-buttons\" ><\/div>","protected":false},"excerpt":{"rendered":"<p>O presidente Lula sancionou no \u00faltimo dia 26 de novembro, a lei que amplia a faixa de isen\u00e7\u00e3o do Imposto de Renda Pessoa F\u00edsica (IRPF) para contribuintes que recebem at\u00e9 R$ 5 mil mensais. A medida, uma das mais aguardadas na \u00e1rea econ\u00f4mica, tamb\u00e9m estabelece descontos parciais para rendas de at\u00e9 R$ 7.350. As novas [&hellip;]<\/p>\n","protected":false},"author":1,"featured_media":30254,"comment_status":"closed","ping_status":"closed","sticky":false,"template":"","format":"standard","meta":{"footnotes":""},"categories":[26],"tags":[22],"class_list":["post-30252","post","type-post","status-publish","format-standard","has-post-thumbnail","hentry","category-brasil","tag-destaques"],"_links":{"self":[{"href":"https:\/\/www.saloanoticias.com\/v1\/wp-json\/wp\/v2\/posts\/30252","targetHints":{"allow":["GET"]}}],"collection":[{"href":"https:\/\/www.saloanoticias.com\/v1\/wp-json\/wp\/v2\/posts"}],"about":[{"href":"https:\/\/www.saloanoticias.com\/v1\/wp-json\/wp\/v2\/types\/post"}],"author":[{"embeddable":true,"href":"https:\/\/www.saloanoticias.com\/v1\/wp-json\/wp\/v2\/users\/1"}],"replies":[{"embeddable":true,"href":"https:\/\/www.saloanoticias.com\/v1\/wp-json\/wp\/v2\/comments?post=30252"}],"version-history":[{"count":2,"href":"https:\/\/www.saloanoticias.com\/v1\/wp-json\/wp\/v2\/posts\/30252\/revisions"}],"predecessor-version":[{"id":30458,"href":"https:\/\/www.saloanoticias.com\/v1\/wp-json\/wp\/v2\/posts\/30252\/revisions\/30458"}],"wp:featuredmedia":[{"embeddable":true,"href":"https:\/\/www.saloanoticias.com\/v1\/wp-json\/wp\/v2\/media\/30254"}],"wp:attachment":[{"href":"https:\/\/www.saloanoticias.com\/v1\/wp-json\/wp\/v2\/media?parent=30252"}],"wp:term":[{"taxonomy":"category","embeddable":true,"href":"https:\/\/www.saloanoticias.com\/v1\/wp-json\/wp\/v2\/categories?post=30252"},{"taxonomy":"post_tag","embeddable":true,"href":"https:\/\/www.saloanoticias.com\/v1\/wp-json\/wp\/v2\/tags?post=30252"}],"curies":[{"name":"wp","href":"https:\/\/api.w.org\/{rel}","templated":true}]}}