{"id":30060,"date":"2025-11-15T09:38:07","date_gmt":"2025-11-15T12:38:07","guid":{"rendered":"https:\/\/www.saloanoticias.com\/v1\/?p=30060"},"modified":"2025-11-15T15:08:35","modified_gmt":"2025-11-15T18:08:35","slug":"mostra-cultural-do-educandario-santa-monica-destaca-riqueza-e-ancestralidade-dos-povos-originarios","status":"publish","type":"post","link":"https:\/\/www.saloanoticias.com\/v1\/mostra-cultural-do-educandario-santa-monica-destaca-riqueza-e-ancestralidade-dos-povos-originarios\/","title":{"rendered":"Mostra Cultural do Educand\u00e1rio Santa M\u00f4nica destaca riqueza e ancestralidade dos Povos Origin\u00e1rios"},"content":{"rendered":"\n<p>O Educand\u00e1rio Santa M\u00f4nica realizou, nesta semana, a sua tradicional Mostra Cultural, trazendo como tema central \u201cPovos Origin\u00e1rios\u201d. O evento valorizou a hist\u00f3ria, a cultura e as contribui\u00e7\u00f5es dos primeiros habitantes do Brasil, proporcionando aos estudantes e visitantes uma verdadeira imers\u00e3o na diversidade dos povos ind\u00edgenas.<\/p>\n\n\n<div class=\"wp-block-image\">\n<figure class=\"aligncenter size-large\"><img loading=\"lazy\" decoding=\"async\" width=\"1024\" height=\"653\" src=\"https:\/\/www.saloanoticias.com\/v1\/wp-content\/uploads\/2025\/11\/4f194885-7a78-4a70-a723-83f9b532d8f6-1024x653.jpeg\" alt=\"\" class=\"wp-image-30062\" srcset=\"https:\/\/www.saloanoticias.com\/v1\/wp-content\/uploads\/2025\/11\/4f194885-7a78-4a70-a723-83f9b532d8f6-1024x653.jpeg 1024w, https:\/\/www.saloanoticias.com\/v1\/wp-content\/uploads\/2025\/11\/4f194885-7a78-4a70-a723-83f9b532d8f6-300x191.jpeg 300w, https:\/\/www.saloanoticias.com\/v1\/wp-content\/uploads\/2025\/11\/4f194885-7a78-4a70-a723-83f9b532d8f6-768x490.jpeg 768w, https:\/\/www.saloanoticias.com\/v1\/wp-content\/uploads\/2025\/11\/4f194885-7a78-4a70-a723-83f9b532d8f6-1536x980.jpeg 1536w, https:\/\/www.saloanoticias.com\/v1\/wp-content\/uploads\/2025\/11\/4f194885-7a78-4a70-a723-83f9b532d8f6.jpeg 1600w\" sizes=\"auto, (max-width: 1024px) 100vw, 1024px\" \/><\/figure>\n<\/div>\n\n\n<p>Durante a Mostra, as turmas apresentaram trabalhos interdisciplinares que inclu\u00edram maquetes, dan\u00e7as, produ\u00e7\u00f5es art\u00edsticas, exposi\u00e7\u00f5es de objetos simb\u00f3licos e encena\u00e7\u00f5es que retrataram aspectos do cotidiano, cren\u00e7as, lutas e saberes ancestrais. O objetivo da iniciativa foi promover conhecimento, respeito e reconhecimento \u00e0s culturas que formam a base da identidade nacional.<\/p>\n\n\n<div class=\"wp-block-image\">\n<figure class=\"aligncenter size-large\"><img loading=\"lazy\" decoding=\"async\" width=\"1024\" height=\"768\" src=\"https:\/\/www.saloanoticias.com\/v1\/wp-content\/uploads\/2025\/11\/37941552-8768-42af-91cb-c1f14a577772-1024x768.jpeg\" alt=\"\" class=\"wp-image-30063\" srcset=\"https:\/\/www.saloanoticias.com\/v1\/wp-content\/uploads\/2025\/11\/37941552-8768-42af-91cb-c1f14a577772-1024x768.jpeg 1024w, https:\/\/www.saloanoticias.com\/v1\/wp-content\/uploads\/2025\/11\/37941552-8768-42af-91cb-c1f14a577772-300x225.jpeg 300w, https:\/\/www.saloanoticias.com\/v1\/wp-content\/uploads\/2025\/11\/37941552-8768-42af-91cb-c1f14a577772-768x576.jpeg 768w, https:\/\/www.saloanoticias.com\/v1\/wp-content\/uploads\/2025\/11\/37941552-8768-42af-91cb-c1f14a577772-1536x1152.jpeg 1536w, https:\/\/www.saloanoticias.com\/v1\/wp-content\/uploads\/2025\/11\/37941552-8768-42af-91cb-c1f14a577772.jpeg 1600w\" sizes=\"auto, (max-width: 1024px) 100vw, 1024px\" \/><\/figure>\n<\/div>\n\n\n<p>Professores destacaram que o tema foi escolhido pela sua relev\u00e2ncia hist\u00f3rica e social, especialmente em um momento em que quest\u00f5es relacionadas \u00e0 preserva\u00e7\u00e3o ambiental, territ\u00f3rio e direitos ind\u00edgenas ganham cada vez mais visibilidade. A diretoria do Educand\u00e1rio Santa M\u00f4nica ressaltou que a Mostra Cultural \u00e9 um espa\u00e7o essencial para estimular o protagonismo estudantil, fortalecer valores e aproximar a comunidade escolar das manifesta\u00e7\u00f5es culturais do pa\u00eds.<\/p>\n\n\n<div class=\"wp-block-image\">\n<figure class=\"aligncenter size-large\"><img loading=\"lazy\" decoding=\"async\" width=\"1024\" height=\"728\" src=\"https:\/\/www.saloanoticias.com\/v1\/wp-content\/uploads\/2025\/11\/de549f84-5057-4db9-98ca-151b48198d87-1024x728.jpeg\" alt=\"\" class=\"wp-image-30061\" srcset=\"https:\/\/www.saloanoticias.com\/v1\/wp-content\/uploads\/2025\/11\/de549f84-5057-4db9-98ca-151b48198d87-1024x728.jpeg 1024w, https:\/\/www.saloanoticias.com\/v1\/wp-content\/uploads\/2025\/11\/de549f84-5057-4db9-98ca-151b48198d87-300x213.jpeg 300w, https:\/\/www.saloanoticias.com\/v1\/wp-content\/uploads\/2025\/11\/de549f84-5057-4db9-98ca-151b48198d87-768x546.jpeg 768w, https:\/\/www.saloanoticias.com\/v1\/wp-content\/uploads\/2025\/11\/de549f84-5057-4db9-98ca-151b48198d87.jpeg 1292w\" sizes=\"auto, (max-width: 1024px) 100vw, 1024px\" \/><\/figure>\n<\/div>\n\n\n<p>O p\u00fablico que compareceu ao evento elogiou a organiza\u00e7\u00e3o e o empenho dos alunos, que demonstraram dedica\u00e7\u00e3o e sensibilidade ao abordar um tema t\u00e3o significativo. A Mostra Cultural mais uma vez cumpriu seu papel de educar, inspirar e refor\u00e7ar o compromisso da escola com a forma\u00e7\u00e3o cidad\u00e3.<\/p>\n\n\n\n\n<div class=\"wp-block-image\">\n<figure class=\"aligncenter size-large\"><img loading=\"lazy\" decoding=\"async\" width=\"1024\" height=\"586\" src=\"https:\/\/www.saloanoticias.com\/v1\/wp-content\/uploads\/2025\/11\/99b73de4-c462-45d4-b86e-536aa14c282c-1024x586.jpeg\" alt=\"\" class=\"wp-image-30065\" srcset=\"https:\/\/www.saloanoticias.com\/v1\/wp-content\/uploads\/2025\/11\/99b73de4-c462-45d4-b86e-536aa14c282c-1024x586.jpeg 1024w, https:\/\/www.saloanoticias.com\/v1\/wp-content\/uploads\/2025\/11\/99b73de4-c462-45d4-b86e-536aa14c282c-300x172.jpeg 300w, https:\/\/www.saloanoticias.com\/v1\/wp-content\/uploads\/2025\/11\/99b73de4-c462-45d4-b86e-536aa14c282c-768x439.jpeg 768w, https:\/\/www.saloanoticias.com\/v1\/wp-content\/uploads\/2025\/11\/99b73de4-c462-45d4-b86e-536aa14c282c-1536x878.jpeg 1536w, https:\/\/www.saloanoticias.com\/v1\/wp-content\/uploads\/2025\/11\/99b73de4-c462-45d4-b86e-536aa14c282c.jpeg 1600w\" sizes=\"auto, (max-width: 1024px) 100vw, 1024px\" \/><\/figure>\n<\/div><div style=\"margin-top: 0px; margin-bottom: 0px;\" class=\"sharethis-inline-share-buttons\" ><\/div>","protected":false},"excerpt":{"rendered":"<p>O Educand\u00e1rio Santa M\u00f4nica realizou, nesta semana, a sua tradicional Mostra Cultural, trazendo como tema central \u201cPovos Origin\u00e1rios\u201d. O evento valorizou a hist\u00f3ria, a cultura e as contribui\u00e7\u00f5es dos primeiros habitantes do Brasil, proporcionando aos estudantes e visitantes uma verdadeira imers\u00e3o na diversidade dos povos ind\u00edgenas. Durante a Mostra, as turmas apresentaram trabalhos interdisciplinares que [&hellip;]<\/p>\n","protected":false},"author":1,"featured_media":30064,"comment_status":"closed","ping_status":"closed","sticky":false,"template":"","format":"standard","meta":{"footnotes":""},"categories":[17],"tags":[22],"class_list":["post-30060","post","type-post","status-publish","format-standard","has-post-thumbnail","hentry","category-educacao","tag-destaques"],"_links":{"self":[{"href":"https:\/\/www.saloanoticias.com\/v1\/wp-json\/wp\/v2\/posts\/30060","targetHints":{"allow":["GET"]}}],"collection":[{"href":"https:\/\/www.saloanoticias.com\/v1\/wp-json\/wp\/v2\/posts"}],"about":[{"href":"https:\/\/www.saloanoticias.com\/v1\/wp-json\/wp\/v2\/types\/post"}],"author":[{"embeddable":true,"href":"https:\/\/www.saloanoticias.com\/v1\/wp-json\/wp\/v2\/users\/1"}],"replies":[{"embeddable":true,"href":"https:\/\/www.saloanoticias.com\/v1\/wp-json\/wp\/v2\/comments?post=30060"}],"version-history":[{"count":2,"href":"https:\/\/www.saloanoticias.com\/v1\/wp-json\/wp\/v2\/posts\/30060\/revisions"}],"predecessor-version":[{"id":30069,"href":"https:\/\/www.saloanoticias.com\/v1\/wp-json\/wp\/v2\/posts\/30060\/revisions\/30069"}],"wp:featuredmedia":[{"embeddable":true,"href":"https:\/\/www.saloanoticias.com\/v1\/wp-json\/wp\/v2\/media\/30064"}],"wp:attachment":[{"href":"https:\/\/www.saloanoticias.com\/v1\/wp-json\/wp\/v2\/media?parent=30060"}],"wp:term":[{"taxonomy":"category","embeddable":true,"href":"https:\/\/www.saloanoticias.com\/v1\/wp-json\/wp\/v2\/categories?post=30060"},{"taxonomy":"post_tag","embeddable":true,"href":"https:\/\/www.saloanoticias.com\/v1\/wp-json\/wp\/v2\/tags?post=30060"}],"curies":[{"name":"wp","href":"https:\/\/api.w.org\/{rel}","templated":true}]}}