{"id":30030,"date":"2025-11-12T09:59:47","date_gmt":"2025-11-12T12:59:47","guid":{"rendered":"https:\/\/www.saloanoticias.com\/v1\/?p=30030"},"modified":"2025-11-12T16:17:16","modified_gmt":"2025-11-12T19:17:16","slug":"saloa-se-destaca-na-educacao-do-agreste-meridional-com-excelentes-resultados-nos-indices-de-avaliacao","status":"publish","type":"post","link":"https:\/\/www.saloanoticias.com\/v1\/saloa-se-destaca-na-educacao-do-agreste-meridional-com-excelentes-resultados-nos-indices-de-avaliacao\/","title":{"rendered":"Salo\u00e1 se destaca na educa\u00e7\u00e3o do Agreste Meridional com excelentes resultados nos \u00edndices de avalia\u00e7\u00e3o"},"content":{"rendered":"\n<p>O munic\u00edpio de Salo\u00e1, localizado no Agreste Meridional de Pernambuco, tem se destacado como um exemplo de qualidade no ensino, conquistando a primeira posi\u00e7\u00e3o entre os munic\u00edpios da regi\u00e3o no desempenho educacional.<\/p>\n\n\n\n<p>Com uma nota de 7,11 no 5\u00ba ano do Ensino Fundamental, a cidade se posiciona como l\u00edder no Agreste Meridional, superando as expectativas e mostrando um trabalho consistente e de qualidade na educa\u00e7\u00e3o b\u00e1sica.<\/p>\n\n\n<div class=\"wp-block-image\">\n<figure class=\"aligncenter size-full\"><img loading=\"lazy\" decoding=\"async\" width=\"960\" height=\"710\" src=\"https:\/\/www.saloanoticias.com\/v1\/wp-content\/uploads\/2025\/11\/IMG_0178.jpeg\" alt=\"\" class=\"wp-image-30038\" srcset=\"https:\/\/www.saloanoticias.com\/v1\/wp-content\/uploads\/2025\/11\/IMG_0178.jpeg 960w, https:\/\/www.saloanoticias.com\/v1\/wp-content\/uploads\/2025\/11\/IMG_0178-300x222.jpeg 300w, https:\/\/www.saloanoticias.com\/v1\/wp-content\/uploads\/2025\/11\/IMG_0178-768x568.jpeg 768w\" sizes=\"auto, (max-width: 960px) 100vw, 960px\" \/><\/figure>\n<\/div>\n\n\n<p>Al\u00e9m de figurar no topo da lista em termos de resultados, Salo\u00e1 tamb\u00e9m se destaca no 9\u00ba ano do Ensino Fundamental, com uma nota de 4,93, posicionando-se entre os 25% mais bem avaliados de Pernambuco. Esse desempenho \u00e9 um reflexo do esfor\u00e7o conjunto entre professores, gestores, alunos e a comunidade escolar, que t\u00eam se dedicado ao aprimoramento da educa\u00e7\u00e3o na cidade.<\/p>\n\n\n\n<p>A conquista de Salo\u00e1 \u00e9 evidenciada por um conjunto de escolas municipais que figuram entre as melhores da regi\u00e3o. A Escola Municipal Vicente Alves de Barros ocupa o 5\u00ba lugar no ranking regional, demonstrando um trabalho de excel\u00eancia nos anos iniciais.<\/p>\n\n\n\n<p>J\u00e1 a Escola Manoel Vicente da Silva conquistou a 7\u00aa posi\u00e7\u00e3o, mostrando que o ensino na cidade tem alcan\u00e7ado resultados significativos em diversas unidades escolares. A Escola Manoel Amorim tamb\u00e9m se destacou, alcan\u00e7ando o 8\u00ba lugar no ranking, evidenciando a qualidade do trabalho pedag\u00f3gico realizado em diferentes escolas do munic\u00edpio.<\/p>\n\n\n\n<p>Nos anos finais do Ensino Fundamental, a Escola Intermedi\u00e1ria Manoel Tiago Mendes obteve o 2\u00ba lugar, consolidando-se como uma das melhores escolas da regi\u00e3o no atendimento aos alunos do 9\u00ba ano. Esse resultado \u00e9 um reflexo do investimento cont\u00ednuo na forma\u00e7\u00e3o dos professores e na estrutura\u00e7\u00e3o das unidades escolares, garantindo um ambiente de aprendizado eficiente e motivador para os estudantes.<\/p>\n\n\n\n<p>Esses n\u00fameros s\u00e3o n\u00e3o apenas uma conquista para Salo\u00e1, mas tamb\u00e9m um reflexo do comprometimento da gest\u00e3o p\u00fablica com a educa\u00e7\u00e3o de qualidade. O munic\u00edpio tem investido em capacita\u00e7\u00e3o de professores, em infraestrutura escolar e em metodologias de ensino inovadoras, garantindo que as futuras gera\u00e7\u00f5es tenham as ferramentas necess\u00e1rias para um futuro promissor.<\/p>\n\n\n<div class=\"wp-block-image\">\n<figure class=\"aligncenter size-large\"><img loading=\"lazy\" decoding=\"async\" width=\"837\" height=\"1024\" src=\"https:\/\/www.saloanoticias.com\/v1\/wp-content\/uploads\/2025\/11\/IMG_0175-837x1024.jpeg\" alt=\"\" class=\"wp-image-30033\" srcset=\"https:\/\/www.saloanoticias.com\/v1\/wp-content\/uploads\/2025\/11\/IMG_0175-837x1024.jpeg 837w, https:\/\/www.saloanoticias.com\/v1\/wp-content\/uploads\/2025\/11\/IMG_0175-245x300.jpeg 245w, https:\/\/www.saloanoticias.com\/v1\/wp-content\/uploads\/2025\/11\/IMG_0175-768x939.jpeg 768w, https:\/\/www.saloanoticias.com\/v1\/wp-content\/uploads\/2025\/11\/IMG_0175.jpeg 960w\" sizes=\"auto, (max-width: 837px) 100vw, 837px\" \/><\/figure>\n<\/div>\n\n\n<p>Com a obten\u00e7\u00e3o de resultados t\u00e3o expressivos, Salo\u00e1 se coloca como refer\u00eancia em educa\u00e7\u00e3o no Agreste Meridional, demonstrando que, com dedica\u00e7\u00e3o e planejamento, \u00e9 poss\u00edvel alcan\u00e7ar altos \u00edndices de qualidade no ensino p\u00fablico.<\/p>\n\n\n\n<p>O sucesso de suas escolas \u00e9, sem d\u00favida, motivo de orgulho para os moradores e um modelo de gest\u00e3o educacional para outras cidades da regi\u00e3o e do estado. A trajet\u00f3ria da cidade no campo educacional ainda est\u00e1 em ascens\u00e3o, e com base nos resultados obtidos, \u00e9 poss\u00edvel afirmar que o munic\u00edpio continuar\u00e1 a investir em novas a\u00e7\u00f5es para manter e expandir suas conquistas, promovendo um ambiente educacional cada vez mais qualificado para seus alunos.<\/p>\n\n\n<div class=\"wp-block-image\">\n<figure class=\"aligncenter size-large\"><img loading=\"lazy\" decoding=\"async\" width=\"866\" height=\"1024\" src=\"https:\/\/www.saloanoticias.com\/v1\/wp-content\/uploads\/2025\/11\/IMG_0173-866x1024.jpeg\" alt=\"\" class=\"wp-image-30036\" srcset=\"https:\/\/www.saloanoticias.com\/v1\/wp-content\/uploads\/2025\/11\/IMG_0173-866x1024.jpeg 866w, https:\/\/www.saloanoticias.com\/v1\/wp-content\/uploads\/2025\/11\/IMG_0173-254x300.jpeg 254w, https:\/\/www.saloanoticias.com\/v1\/wp-content\/uploads\/2025\/11\/IMG_0173-768x908.jpeg 768w, https:\/\/www.saloanoticias.com\/v1\/wp-content\/uploads\/2025\/11\/IMG_0173.jpeg 960w\" sizes=\"auto, (max-width: 866px) 100vw, 866px\" \/><\/figure>\n<\/div><div style=\"margin-top: 0px; margin-bottom: 0px;\" class=\"sharethis-inline-share-buttons\" ><\/div>","protected":false},"excerpt":{"rendered":"<p>O munic\u00edpio de Salo\u00e1, localizado no Agreste Meridional de Pernambuco, tem se destacado como um exemplo de qualidade no ensino, conquistando a primeira posi\u00e7\u00e3o entre os munic\u00edpios da regi\u00e3o no desempenho educacional. Com uma nota de 7,11 no 5\u00ba ano do Ensino Fundamental, a cidade se posiciona como l\u00edder no Agreste Meridional, superando as expectativas [&hellip;]<\/p>\n","protected":false},"author":1,"featured_media":30032,"comment_status":"closed","ping_status":"closed","sticky":false,"template":"","format":"standard","meta":{"footnotes":""},"categories":[17],"tags":[22],"class_list":["post-30030","post","type-post","status-publish","format-standard","has-post-thumbnail","hentry","category-educacao","tag-destaques"],"_links":{"self":[{"href":"https:\/\/www.saloanoticias.com\/v1\/wp-json\/wp\/v2\/posts\/30030","targetHints":{"allow":["GET"]}}],"collection":[{"href":"https:\/\/www.saloanoticias.com\/v1\/wp-json\/wp\/v2\/posts"}],"about":[{"href":"https:\/\/www.saloanoticias.com\/v1\/wp-json\/wp\/v2\/types\/post"}],"author":[{"embeddable":true,"href":"https:\/\/www.saloanoticias.com\/v1\/wp-json\/wp\/v2\/users\/1"}],"replies":[{"embeddable":true,"href":"https:\/\/www.saloanoticias.com\/v1\/wp-json\/wp\/v2\/comments?post=30030"}],"version-history":[{"count":5,"href":"https:\/\/www.saloanoticias.com\/v1\/wp-json\/wp\/v2\/posts\/30030\/revisions"}],"predecessor-version":[{"id":30040,"href":"https:\/\/www.saloanoticias.com\/v1\/wp-json\/wp\/v2\/posts\/30030\/revisions\/30040"}],"wp:featuredmedia":[{"embeddable":true,"href":"https:\/\/www.saloanoticias.com\/v1\/wp-json\/wp\/v2\/media\/30032"}],"wp:attachment":[{"href":"https:\/\/www.saloanoticias.com\/v1\/wp-json\/wp\/v2\/media?parent=30030"}],"wp:term":[{"taxonomy":"category","embeddable":true,"href":"https:\/\/www.saloanoticias.com\/v1\/wp-json\/wp\/v2\/categories?post=30030"},{"taxonomy":"post_tag","embeddable":true,"href":"https:\/\/www.saloanoticias.com\/v1\/wp-json\/wp\/v2\/tags?post=30030"}],"curies":[{"name":"wp","href":"https:\/\/api.w.org\/{rel}","templated":true}]}}