{"id":29872,"date":"2025-10-27T20:01:56","date_gmt":"2025-10-27T23:01:56","guid":{"rendered":"https:\/\/www.saloanoticias.com\/v1\/?p=29872"},"modified":"2025-10-27T20:01:57","modified_gmt":"2025-10-27T23:01:57","slug":"prefeito-de-saloa-realizara-entrega-de-tres-novas-ambulancias-nesta-quarta-feira-29","status":"publish","type":"post","link":"https:\/\/www.saloanoticias.com\/v1\/prefeito-de-saloa-realizara-entrega-de-tres-novas-ambulancias-nesta-quarta-feira-29\/","title":{"rendered":"Prefeito de Salo\u00e1 realizar\u00e1 entrega de tr\u00eas novas ambul\u00e2ncias nesta quarta-feira (29)"},"content":{"rendered":"\n<p>A Prefeitura Municipal de Salo\u00e1 realizar\u00e1, na pr\u00f3xima quarta-feira, dia 29 de outubro, a entrega oficial de tr\u00eas novas ambul\u00e2ncias que passam a integrar a frota da Secretaria Municipal de Sa\u00fade. O ato acontecer\u00e1 em frente ao pr\u00e9dio da prefeitura, com a presen\u00e7a do prefeito J\u00fanior de Rivaldo, secret\u00e1rios, vereadores e da popula\u00e7\u00e3o em geral.<\/p>\n\n\n\n<p>Os ve\u00edculos foram conquistados por meio de uma emenda parlamentar do deputado estadual Dannilo Godoy, fruto de uma importante parceria que tem garantido avan\u00e7os significativos para o munic\u00edpio. As novas ambul\u00e2ncias chegam para refor\u00e7ar a estrutura de atendimento na sa\u00fade, garantindo mais agilidade e conforto no transporte de pacientes, tanto na zona urbana quanto na zona rural.<\/p>\n\n\n\n<p>O prefeito J\u00fanior de Rivaldo destacou a import\u00e2ncia da conquista e fez um convite \u00e0 popula\u00e7\u00e3o para participar do momento:<\/p>\n\n\n\n<p>\u201cEssas ambul\u00e2ncias representam mais qualidade no atendimento \u00e0 nossa popula\u00e7\u00e3o. \u00c9 um refor\u00e7o importante para a nossa rede de sa\u00fade, e queremos dividir essa conquista com todos os saloaenses. Por isso, convidamos a popula\u00e7\u00e3o para estar presente na entrega\u201d, afirmou o gestor.<\/p>\n\n\n\n<p>Com mais essa a\u00e7\u00e3o, a Prefeitura de Salo\u00e1 segue investindo no fortalecimento dos servi\u00e7os p\u00fablicos e na melhoria da qualidade de vida dos cidad\u00e3os.<\/p>\n<div style=\"margin-top: 0px; margin-bottom: 0px;\" class=\"sharethis-inline-share-buttons\" ><\/div>","protected":false},"excerpt":{"rendered":"<p>A Prefeitura Municipal de Salo\u00e1 realizar\u00e1, na pr\u00f3xima quarta-feira, dia 29 de outubro, a entrega oficial de tr\u00eas novas ambul\u00e2ncias que passam a integrar a frota da Secretaria Municipal de Sa\u00fade. O ato acontecer\u00e1 em frente ao pr\u00e9dio da prefeitura, com a presen\u00e7a do prefeito J\u00fanior de Rivaldo, secret\u00e1rios, vereadores e da popula\u00e7\u00e3o em geral. [&hellip;]<\/p>\n","protected":false},"author":1,"featured_media":29873,"comment_status":"closed","ping_status":"closed","sticky":false,"template":"","format":"standard","meta":{"footnotes":""},"categories":[18],"tags":[22],"class_list":["post-29872","post","type-post","status-publish","format-standard","has-post-thumbnail","hentry","category-saude","tag-destaques"],"_links":{"self":[{"href":"https:\/\/www.saloanoticias.com\/v1\/wp-json\/wp\/v2\/posts\/29872","targetHints":{"allow":["GET"]}}],"collection":[{"href":"https:\/\/www.saloanoticias.com\/v1\/wp-json\/wp\/v2\/posts"}],"about":[{"href":"https:\/\/www.saloanoticias.com\/v1\/wp-json\/wp\/v2\/types\/post"}],"author":[{"embeddable":true,"href":"https:\/\/www.saloanoticias.com\/v1\/wp-json\/wp\/v2\/users\/1"}],"replies":[{"embeddable":true,"href":"https:\/\/www.saloanoticias.com\/v1\/wp-json\/wp\/v2\/comments?post=29872"}],"version-history":[{"count":1,"href":"https:\/\/www.saloanoticias.com\/v1\/wp-json\/wp\/v2\/posts\/29872\/revisions"}],"predecessor-version":[{"id":29874,"href":"https:\/\/www.saloanoticias.com\/v1\/wp-json\/wp\/v2\/posts\/29872\/revisions\/29874"}],"wp:featuredmedia":[{"embeddable":true,"href":"https:\/\/www.saloanoticias.com\/v1\/wp-json\/wp\/v2\/media\/29873"}],"wp:attachment":[{"href":"https:\/\/www.saloanoticias.com\/v1\/wp-json\/wp\/v2\/media?parent=29872"}],"wp:term":[{"taxonomy":"category","embeddable":true,"href":"https:\/\/www.saloanoticias.com\/v1\/wp-json\/wp\/v2\/categories?post=29872"},{"taxonomy":"post_tag","embeddable":true,"href":"https:\/\/www.saloanoticias.com\/v1\/wp-json\/wp\/v2\/tags?post=29872"}],"curies":[{"name":"wp","href":"https:\/\/api.w.org\/{rel}","templated":true}]}}