{"id":29783,"date":"2025-10-19T21:02:06","date_gmt":"2025-10-20T00:02:06","guid":{"rendered":"https:\/\/www.saloanoticias.com\/v1\/?p=29783"},"modified":"2025-10-21T23:53:00","modified_gmt":"2025-10-22T02:53:00","slug":"sucesso-marca-a-1a-cavalgada-da-amizade-em-saloa-pe","status":"publish","type":"post","link":"https:\/\/www.saloanoticias.com\/v1\/sucesso-marca-a-1a-cavalgada-da-amizade-em-saloa-pe\/","title":{"rendered":"Sucesso marca a 1\u00aa Cavalgada da Amizade em Salo\u00e1\/PE"},"content":{"rendered":"\n<p>O domingo (19) foi de festa, tradi\u00e7\u00e3o e muita anima\u00e7\u00e3o com a realiza\u00e7\u00e3o da 1\u00aa Cavalgada da Amizade, promovida pela Prefeitura Municipal de Salo\u00e1. O evento reuniu centenas de cavaleiros e amazonas vindos de v\u00e1rias localidades do Agreste Meridional e outras regi\u00f5es do Estado num grande encontro de confraterniza\u00e7\u00e3o e valoriza\u00e7\u00e3o da cultura nordestina.<\/p>\n\n\n<div class=\"wp-block-image\">\n<figure class=\"aligncenter size-large\"><img loading=\"lazy\" decoding=\"async\" width=\"1024\" height=\"621\" src=\"https:\/\/www.saloanoticias.com\/v1\/wp-content\/uploads\/2025\/10\/IMG_9515-1-1024x621.jpeg\" alt=\"\" class=\"wp-image-29800\" srcset=\"https:\/\/www.saloanoticias.com\/v1\/wp-content\/uploads\/2025\/10\/IMG_9515-1-1024x621.jpeg 1024w, https:\/\/www.saloanoticias.com\/v1\/wp-content\/uploads\/2025\/10\/IMG_9515-1-300x182.jpeg 300w, https:\/\/www.saloanoticias.com\/v1\/wp-content\/uploads\/2025\/10\/IMG_9515-1-768x466.jpeg 768w, https:\/\/www.saloanoticias.com\/v1\/wp-content\/uploads\/2025\/10\/IMG_9515-1.jpeg 1206w\" sizes=\"auto, (max-width: 1024px) 100vw, 1024px\" \/><\/figure>\n<\/div>\n\n\n<p>A cavalgada teve sa\u00edda do distrito de latec\u00e1 e percorreu estradas e comunidades rurais at\u00e9 chegar \u00e0 cidade de Salo\u00e1, em um trajeto marcado pela alegria dos participantes e pela forte presen\u00e7a popular. Durante o percurso, os cantores Cl\u00e1udio Rios e a dupla Sirano e Sirino animaram os cavaleiros com grandes sucessos, transformando o trajeto em um verdadeiro espet\u00e1culo de m\u00fasica e tradi\u00e7\u00e3o.<\/p>\n\n\n<div class=\"wp-block-image\">\n<figure class=\"aligncenter size-large\"><img loading=\"lazy\" decoding=\"async\" width=\"1024\" height=\"643\" src=\"https:\/\/www.saloanoticias.com\/v1\/wp-content\/uploads\/2025\/10\/IMG_9519-1-1024x643.jpeg\" alt=\"\" class=\"wp-image-29801\" srcset=\"https:\/\/www.saloanoticias.com\/v1\/wp-content\/uploads\/2025\/10\/IMG_9519-1-1024x643.jpeg 1024w, https:\/\/www.saloanoticias.com\/v1\/wp-content\/uploads\/2025\/10\/IMG_9519-1-300x188.jpeg 300w, https:\/\/www.saloanoticias.com\/v1\/wp-content\/uploads\/2025\/10\/IMG_9519-1-768x482.jpeg 768w, https:\/\/www.saloanoticias.com\/v1\/wp-content\/uploads\/2025\/10\/IMG_9519-1.jpeg 1206w\" sizes=\"auto, (max-width: 1024px) 100vw, 1024px\" \/><\/figure>\n<\/div>\n\n\n<p>O evento tamb\u00e9m contou com a presen\u00e7a dos deputados Lula da Fonte e Dannilo Godoy que fizeram quest\u00e3o de prestigiar a cavalgada ao lado do prefeito J\u00fanior de Rivaldo, de lideran\u00e7as locais e da popula\u00e7\u00e3o saloaense. O encerramento aconteceu na cidade, onde os participantes foram recebidos com festa e muita comemora\u00e7\u00e3o.<\/p>\n\n\n<div class=\"wp-block-image\">\n<figure class=\"aligncenter size-large\"><img loading=\"lazy\" decoding=\"async\" width=\"698\" height=\"1024\" src=\"https:\/\/www.saloanoticias.com\/v1\/wp-content\/uploads\/2025\/10\/IMG_9517-1-698x1024.jpeg\" alt=\"\" class=\"wp-image-29803\" srcset=\"https:\/\/www.saloanoticias.com\/v1\/wp-content\/uploads\/2025\/10\/IMG_9517-1-698x1024.jpeg 698w, https:\/\/www.saloanoticias.com\/v1\/wp-content\/uploads\/2025\/10\/IMG_9517-1-205x300.jpeg 205w, https:\/\/www.saloanoticias.com\/v1\/wp-content\/uploads\/2025\/10\/IMG_9517-1-768x1127.jpeg 768w, https:\/\/www.saloanoticias.com\/v1\/wp-content\/uploads\/2025\/10\/IMG_9517-1-1047x1536.jpeg 1047w, https:\/\/www.saloanoticias.com\/v1\/wp-content\/uploads\/2025\/10\/IMG_9517-1.jpeg 1206w\" sizes=\"auto, (max-width: 698px) 100vw, 698px\" \/><\/figure>\n<\/div>\n\n\n<p>A 1\u00aa Cavalgada da Amizade foi considerada um sucesso absoluto de p\u00fablico e organiza\u00e7\u00e3o, fortalecendo o calend\u00e1rio cultural do munic\u00edpio e refor\u00e7ando o orgulho das tradi\u00e7\u00f5es do campo. &#8220;Foi um momento de uni\u00e3o, alegria e valoriza\u00e7\u00e3o da nossa cultura. Salo\u00e1 mostrou mais uma vez sua for\u00e7a, tradi\u00e7\u00e3o e hospitalidade&#8221;, destacou o prefeito J\u00fanior de Rivaldo.<\/p>\n\n\n<div class=\"wp-block-image\">\n<figure class=\"aligncenter size-large\"><img loading=\"lazy\" decoding=\"async\" width=\"718\" height=\"1024\" src=\"https:\/\/www.saloanoticias.com\/v1\/wp-content\/uploads\/2025\/10\/IMG_9518-1-718x1024.jpeg\" alt=\"\" class=\"wp-image-29804\" srcset=\"https:\/\/www.saloanoticias.com\/v1\/wp-content\/uploads\/2025\/10\/IMG_9518-1-718x1024.jpeg 718w, https:\/\/www.saloanoticias.com\/v1\/wp-content\/uploads\/2025\/10\/IMG_9518-1-210x300.jpeg 210w, https:\/\/www.saloanoticias.com\/v1\/wp-content\/uploads\/2025\/10\/IMG_9518-1-768x1095.jpeg 768w, https:\/\/www.saloanoticias.com\/v1\/wp-content\/uploads\/2025\/10\/IMG_9518-1-1078x1536.jpeg 1078w, https:\/\/www.saloanoticias.com\/v1\/wp-content\/uploads\/2025\/10\/IMG_9518-1.jpeg 1206w\" sizes=\"auto, (max-width: 718px) 100vw, 718px\" \/><\/figure>\n<\/div>\n\n\n<figure class=\"wp-block-embed aligncenter is-type-video is-provider-youtube wp-block-embed-youtube wp-embed-aspect-16-9 wp-has-aspect-ratio\"><div class=\"wp-block-embed__wrapper\">\n<iframe loading=\"lazy\" title=\"Primeira Cavalgada da Amizade em Salo\u00e1\/PE\" width=\"740\" height=\"416\" src=\"https:\/\/www.youtube.com\/embed\/BKWoSK76qnE?feature=oembed\" frameborder=\"0\" allow=\"accelerometer; autoplay; clipboard-write; encrypted-media; gyroscope; picture-in-picture; web-share\" referrerpolicy=\"strict-origin-when-cross-origin\" allowfullscreen><\/iframe>\n<\/div><\/figure>\n<div style=\"margin-top: 0px; margin-bottom: 0px;\" class=\"sharethis-inline-share-buttons\" ><\/div>","protected":false},"excerpt":{"rendered":"<p>O domingo (19) foi de festa, tradi\u00e7\u00e3o e muita anima\u00e7\u00e3o com a realiza\u00e7\u00e3o da 1\u00aa Cavalgada da Amizade, promovida pela Prefeitura Municipal de Salo\u00e1. O evento reuniu centenas de cavaleiros e amazonas vindos de v\u00e1rias localidades do Agreste Meridional e outras regi\u00f5es do Estado num grande encontro de confraterniza\u00e7\u00e3o e valoriza\u00e7\u00e3o da cultura nordestina. A [&hellip;]<\/p>\n","protected":false},"author":1,"featured_media":29795,"comment_status":"closed","ping_status":"closed","sticky":false,"template":"","format":"standard","meta":{"footnotes":""},"categories":[21],"tags":[22],"class_list":["post-29783","post","type-post","status-publish","format-standard","has-post-thumbnail","hentry","category-cidade","tag-destaques"],"_links":{"self":[{"href":"https:\/\/www.saloanoticias.com\/v1\/wp-json\/wp\/v2\/posts\/29783","targetHints":{"allow":["GET"]}}],"collection":[{"href":"https:\/\/www.saloanoticias.com\/v1\/wp-json\/wp\/v2\/posts"}],"about":[{"href":"https:\/\/www.saloanoticias.com\/v1\/wp-json\/wp\/v2\/types\/post"}],"author":[{"embeddable":true,"href":"https:\/\/www.saloanoticias.com\/v1\/wp-json\/wp\/v2\/users\/1"}],"replies":[{"embeddable":true,"href":"https:\/\/www.saloanoticias.com\/v1\/wp-json\/wp\/v2\/comments?post=29783"}],"version-history":[{"count":4,"href":"https:\/\/www.saloanoticias.com\/v1\/wp-json\/wp\/v2\/posts\/29783\/revisions"}],"predecessor-version":[{"id":29805,"href":"https:\/\/www.saloanoticias.com\/v1\/wp-json\/wp\/v2\/posts\/29783\/revisions\/29805"}],"wp:featuredmedia":[{"embeddable":true,"href":"https:\/\/www.saloanoticias.com\/v1\/wp-json\/wp\/v2\/media\/29795"}],"wp:attachment":[{"href":"https:\/\/www.saloanoticias.com\/v1\/wp-json\/wp\/v2\/media?parent=29783"}],"wp:term":[{"taxonomy":"category","embeddable":true,"href":"https:\/\/www.saloanoticias.com\/v1\/wp-json\/wp\/v2\/categories?post=29783"},{"taxonomy":"post_tag","embeddable":true,"href":"https:\/\/www.saloanoticias.com\/v1\/wp-json\/wp\/v2\/tags?post=29783"}],"curies":[{"name":"wp","href":"https:\/\/api.w.org\/{rel}","templated":true}]}}