{"id":29780,"date":"2025-10-19T10:43:25","date_gmt":"2025-10-19T13:43:25","guid":{"rendered":"https:\/\/www.saloanoticias.com\/v1\/?p=29780"},"modified":"2025-10-19T10:44:20","modified_gmt":"2025-10-19T13:44:20","slug":"prefeito-de-saloa-junior-de-rivaldo-comemora-mais-um-aniversario-neste-domingo-19","status":"publish","type":"post","link":"https:\/\/www.saloanoticias.com\/v1\/prefeito-de-saloa-junior-de-rivaldo-comemora-mais-um-aniversario-neste-domingo-19\/","title":{"rendered":"Prefeito de Salo\u00e1, J\u00fanior de Rivaldo, comemora mais um anivers\u00e1rio neste domingo (19)"},"content":{"rendered":"\n<p>O prefeito de Salo\u00e1, J\u00fanior de Rivaldo, celebra neste domingo (19) mais um ano de vida. A data est\u00e1 sendo marcada por muitas demonstra\u00e7\u00f5es de carinho de familiares, amigos, correligion\u00e1rios e moradores do munic\u00edpio, que aproveitaram o momento para parabeniz\u00e1-lo pelas conquistas alcan\u00e7adas \u00e0 frente da gest\u00e3o municipal.<\/p>\n\n\n\n<p>Reconhecido pelo seu trabalho voltado ao desenvolvimento de Salo\u00e1 e \u00e0 melhoria da qualidade de vida da popula\u00e7\u00e3o, J\u00fanior de Rivaldo recebeu mensagens de felicita\u00e7\u00f5es nas redes sociais e em diversos setores da cidade. Desde cedo, o gestor agradece o carinho de todos e destacou a import\u00e2ncia de continuar trabalhando com dedica\u00e7\u00e3o e compromisso:<\/p>\n\n\n\n<p>&#8220;Sou grato a Deus por mais um ano de vida e por poder seguir servindo ao nosso povo com amor e responsabilidade. Agrade\u00e7o a cada mensagem e gesto de amizade recebidos neste dia t\u00e3o especial\u201d, disse o prefeito.<\/p>\n\n\n\n<p>A comemora\u00e7\u00e3o refor\u00e7a n\u00e3o apenas a trajet\u00f3ria pessoal de J\u00fanior de Rivaldo, mas tamb\u00e9m o v\u00ednculo de respeito e proximidade que ele mant\u00e9m com o povo saloaense.<\/p>\n<div style=\"margin-top: 0px; margin-bottom: 0px;\" class=\"sharethis-inline-share-buttons\" ><\/div>","protected":false},"excerpt":{"rendered":"<p>O prefeito de Salo\u00e1, J\u00fanior de Rivaldo, celebra neste domingo (19) mais um ano de vida. A data est\u00e1 sendo marcada por muitas demonstra\u00e7\u00f5es de carinho de familiares, amigos, correligion\u00e1rios e moradores do munic\u00edpio, que aproveitaram o momento para parabeniz\u00e1-lo pelas conquistas alcan\u00e7adas \u00e0 frente da gest\u00e3o municipal. Reconhecido pelo seu trabalho voltado ao desenvolvimento [&hellip;]<\/p>\n","protected":false},"author":1,"featured_media":29781,"comment_status":"closed","ping_status":"closed","sticky":false,"template":"","format":"standard","meta":{"footnotes":""},"categories":[21],"tags":[22],"class_list":["post-29780","post","type-post","status-publish","format-standard","has-post-thumbnail","hentry","category-cidade","tag-destaques"],"_links":{"self":[{"href":"https:\/\/www.saloanoticias.com\/v1\/wp-json\/wp\/v2\/posts\/29780","targetHints":{"allow":["GET"]}}],"collection":[{"href":"https:\/\/www.saloanoticias.com\/v1\/wp-json\/wp\/v2\/posts"}],"about":[{"href":"https:\/\/www.saloanoticias.com\/v1\/wp-json\/wp\/v2\/types\/post"}],"author":[{"embeddable":true,"href":"https:\/\/www.saloanoticias.com\/v1\/wp-json\/wp\/v2\/users\/1"}],"replies":[{"embeddable":true,"href":"https:\/\/www.saloanoticias.com\/v1\/wp-json\/wp\/v2\/comments?post=29780"}],"version-history":[{"count":1,"href":"https:\/\/www.saloanoticias.com\/v1\/wp-json\/wp\/v2\/posts\/29780\/revisions"}],"predecessor-version":[{"id":29782,"href":"https:\/\/www.saloanoticias.com\/v1\/wp-json\/wp\/v2\/posts\/29780\/revisions\/29782"}],"wp:featuredmedia":[{"embeddable":true,"href":"https:\/\/www.saloanoticias.com\/v1\/wp-json\/wp\/v2\/media\/29781"}],"wp:attachment":[{"href":"https:\/\/www.saloanoticias.com\/v1\/wp-json\/wp\/v2\/media?parent=29780"}],"wp:term":[{"taxonomy":"category","embeddable":true,"href":"https:\/\/www.saloanoticias.com\/v1\/wp-json\/wp\/v2\/categories?post=29780"},{"taxonomy":"post_tag","embeddable":true,"href":"https:\/\/www.saloanoticias.com\/v1\/wp-json\/wp\/v2\/tags?post=29780"}],"curies":[{"name":"wp","href":"https:\/\/api.w.org\/{rel}","templated":true}]}}