{"id":29765,"date":"2025-10-18T09:40:02","date_gmt":"2025-10-18T12:40:02","guid":{"rendered":"https:\/\/www.saloanoticias.com\/v1\/?p=29765"},"modified":"2025-10-18T09:55:52","modified_gmt":"2025-10-18T12:55:52","slug":"prefeito-de-saloa-emite-nota-de-pesar-e-solidariedade-apos-tragico-acidente-na-serra-dos-ventos","status":"publish","type":"post","link":"https:\/\/www.saloanoticias.com\/v1\/prefeito-de-saloa-emite-nota-de-pesar-e-solidariedade-apos-tragico-acidente-na-serra-dos-ventos\/","title":{"rendered":"Prefeito de Salo\u00e1 emite nota de pesar e solidariedade ap\u00f3s tr\u00e1gico acidente na Serra dos Ventos"},"content":{"rendered":"\n<p>O prefeito de Salo\u00e1, J\u00fanior de Rivaldo, divulgou na manh\u00e3 deste s\u00e1bado (18) uma nota oficial lamentando profundamente o tr\u00e1gico acidente ocorrido na BR-423, na altura da Serra dos Ventos, que envolveu um \u00f4nibus alternativo oriundo de Feira de Santana (BA). O sinistro deixou, at\u00e9 o momento, 15 pessoas mortas e dezenas de feridos, gerando como\u00e7\u00e3o em toda a regi\u00e3o.<\/p>\n\n\n\n<p>Na nota, o gestor afirmou ter recebido a not\u00edcia \u201ccom imensa tristeza\u201d e expressou solidariedade \u00e0s v\u00edtimas, seus familiares e amigos. \u201c\u00c9 um momento de dor que atinge a todos n\u00f3s. Que Deus conforte os cora\u00e7\u00f5es dos que perderam entes queridos e traga pronta recupera\u00e7\u00e3o aos feridos\u201d, declarou.<\/p>\n\n\n\n<p>J\u00fanior de Rivaldo informou que o munic\u00edpio de Salo\u00e1, por meio de suas secretarias, est\u00e1 mobilizado para prestar apoio \u00e0s v\u00edtimas. Equipes da sa\u00fade e da assist\u00eancia social foram acionadas para colaborar no atendimento aos feridos e no suporte necess\u00e1rio \u00e0s fam\u00edlias atingidas.<\/p>\n\n\n\n<p>J\u00fanior de Rivaldo destacou ainda o empenho das equipes de sa\u00fade do munic\u00edpio, que foram rapidamente mobilizadas para prestar os primeiros socorros no Hospital Municipal de Salo\u00e1. Segundo ele, m\u00e9dicos, enfermeiros e demais profissionais atuaram com agilidade e dedica\u00e7\u00e3o no acolhimento das v\u00edtimas.<\/p>\n\n\n\n<p>\u201cNosso hospital foi fundamental no atendimento inicial, e nossa equipe n\u00e3o mediu esfor\u00e7os para salvar vidas e amenizar o sofrimento dessas pessoas. Agrade\u00e7o a todos os profissionais envolvidos pela responsabilidade e compromisso demonstrados nesse momento t\u00e3o dif\u00edcil\u201d, pontuou o prefeito.<\/p>\n\n\n\n<p>Vale destacar que ambul\u00e2ncias e profissionais de outros munic\u00edpios tamb\u00e9m se deslocaram para Salo\u00e1 para ajudar na opera\u00e7\u00e3o. O prefeito finalizou a nota pedindo respeito e ora\u00e7\u00f5es por todos os envolvidos. \u201cNos unimos em solidariedade e a\u00e7\u00e3o neste momento t\u00e3o dif\u00edcil, reafirmando nosso compromisso com a vida e com a dignidade humana\u201d, concluiu.<\/p>\n\n\n\n<p>As autoridades locais continuam acompanhando a situa\u00e7\u00e3o, e novos desdobramentos devem ser divulgados ao longo do dia.<\/p>\n<div style=\"margin-top: 0px; margin-bottom: 0px;\" class=\"sharethis-inline-share-buttons\" ><\/div>","protected":false},"excerpt":{"rendered":"<p>O prefeito de Salo\u00e1, J\u00fanior de Rivaldo, divulgou na manh\u00e3 deste s\u00e1bado (18) uma nota oficial lamentando profundamente o tr\u00e1gico acidente ocorrido na BR-423, na altura da Serra dos Ventos, que envolveu um \u00f4nibus alternativo oriundo de Feira de Santana (BA). O sinistro deixou, at\u00e9 o momento, 15 pessoas mortas e dezenas de feridos, gerando [&hellip;]<\/p>\n","protected":false},"author":1,"featured_media":29767,"comment_status":"closed","ping_status":"closed","sticky":false,"template":"","format":"standard","meta":{"footnotes":""},"categories":[21],"tags":[22],"class_list":["post-29765","post","type-post","status-publish","format-standard","has-post-thumbnail","hentry","category-cidade","tag-destaques"],"_links":{"self":[{"href":"https:\/\/www.saloanoticias.com\/v1\/wp-json\/wp\/v2\/posts\/29765","targetHints":{"allow":["GET"]}}],"collection":[{"href":"https:\/\/www.saloanoticias.com\/v1\/wp-json\/wp\/v2\/posts"}],"about":[{"href":"https:\/\/www.saloanoticias.com\/v1\/wp-json\/wp\/v2\/types\/post"}],"author":[{"embeddable":true,"href":"https:\/\/www.saloanoticias.com\/v1\/wp-json\/wp\/v2\/users\/1"}],"replies":[{"embeddable":true,"href":"https:\/\/www.saloanoticias.com\/v1\/wp-json\/wp\/v2\/comments?post=29765"}],"version-history":[{"count":3,"href":"https:\/\/www.saloanoticias.com\/v1\/wp-json\/wp\/v2\/posts\/29765\/revisions"}],"predecessor-version":[{"id":29771,"href":"https:\/\/www.saloanoticias.com\/v1\/wp-json\/wp\/v2\/posts\/29765\/revisions\/29771"}],"wp:featuredmedia":[{"embeddable":true,"href":"https:\/\/www.saloanoticias.com\/v1\/wp-json\/wp\/v2\/media\/29767"}],"wp:attachment":[{"href":"https:\/\/www.saloanoticias.com\/v1\/wp-json\/wp\/v2\/media?parent=29765"}],"wp:term":[{"taxonomy":"category","embeddable":true,"href":"https:\/\/www.saloanoticias.com\/v1\/wp-json\/wp\/v2\/categories?post=29765"},{"taxonomy":"post_tag","embeddable":true,"href":"https:\/\/www.saloanoticias.com\/v1\/wp-json\/wp\/v2\/tags?post=29765"}],"curies":[{"name":"wp","href":"https:\/\/api.w.org\/{rel}","templated":true}]}}