{"id":29757,"date":"2025-10-17T22:44:15","date_gmt":"2025-10-18T01:44:15","guid":{"rendered":"https:\/\/www.saloanoticias.com\/v1\/?p=29757"},"modified":"2025-10-17T22:58:42","modified_gmt":"2025-10-18T01:58:42","slug":"29757-2","status":"publish","type":"post","link":"https:\/\/www.saloanoticias.com\/v1\/29757-2\/","title":{"rendered":"Trag\u00e9dia na BR-423: acidente com \u00f4nibus deixa v\u00e1rios mortos na Serra dos Ventos, em Salo\u00e1"},"content":{"rendered":"\n<p>Um grav\u00edssimo acidente foi registrado na noite desta sexta-feira (17) na BR-423, no trecho conhecido como Serra dos Ventos, em Salo\u00e1, no Agreste de Pernambuco. De acordo com as primeiras informa\u00e7\u00f5es, a colis\u00e3o envolveu um \u00f4nibus de passageiros da cidade de Feira de Santana, na Bahia, e resultou em uma trag\u00e9dia de grandes propor\u00e7\u00f5es.<\/p>\n\n\n\n<p>Testemunhas relataram que o cen\u00e1rio era de verdadeira destrui\u00e7\u00e3o, com v\u00edtimas espalhadas pela pista e ve\u00edculos completamente danificados. At\u00e9 o momento, fala-se em pelo menos 15 mortos e dezenas de feridos, muitos em estado grave.<\/p>\n\n\n\n<p>Os feridos foram socorridos para o Hospital Municipal de Salo\u00e1, que se transformou em um verdadeiro centro de emerg\u00eancia, com mobiliza\u00e7\u00e3o total dos profissionais de sa\u00fade. Ambul\u00e2ncias do Samu, do Corpo de Bombeiros e de v\u00e1rias cidades da regi\u00e3o auxiliaram no resgate das v\u00edtimas.<\/p>\n\n\n\n<p>A Pol\u00edcia Rodovi\u00e1ria Federal (PRF) isolou a \u00e1rea e permanece no local junto com equipes de resgate. A rodovia ficou totalmente interditada durante a noite para o trabalho de retirada dos corpos e dos ve\u00edculos envolvidos.<\/p>\n\n\n\n<p>Ainda n\u00e3o h\u00e1 informa\u00e7\u00f5es oficiais sobre as causas do acidente nem sobre o n\u00famero exato de passageiros que estavam no \u00f4nibus. As autoridades devem divulgar novas atualiza\u00e7\u00f5es nas pr\u00f3ximas horas.<\/p>\n\n\n\n<p>A trag\u00e9dia provocou como\u00e7\u00e3o em toda a regi\u00e3o, especialmente em Salo\u00e1, onde o hospital local recebeu uma das maiores mobiliza\u00e7\u00f5es de emerg\u00eancia j\u00e1 registradas no munic\u00edpio.<\/p>\n\n\n\n<p>A Secretaria de Sa\u00fade de Salo\u00e1 informou que continua em alerta permanente, acompanhando de perto o trabalho das equipes de socorro e oferecendo apoio log\u00edstico e psicol\u00f3gico \u00e0s v\u00edtimas e familiares.<br><\/p>\n<div style=\"margin-top: 0px; margin-bottom: 0px;\" class=\"sharethis-inline-share-buttons\" ><\/div>","protected":false},"excerpt":{"rendered":"<p>Um grav\u00edssimo acidente foi registrado na noite desta sexta-feira (17) na BR-423, no trecho conhecido como Serra dos Ventos, em Salo\u00e1, no Agreste de Pernambuco. De acordo com as primeiras informa\u00e7\u00f5es, a colis\u00e3o envolveu um \u00f4nibus de passageiros da cidade de Feira de Santana, na Bahia, e resultou em uma trag\u00e9dia de grandes propor\u00e7\u00f5es. Testemunhas [&hellip;]<\/p>\n","protected":false},"author":1,"featured_media":29759,"comment_status":"closed","ping_status":"closed","sticky":false,"template":"","format":"standard","meta":{"footnotes":""},"categories":[21],"tags":[22],"class_list":["post-29757","post","type-post","status-publish","format-standard","has-post-thumbnail","hentry","category-cidade","tag-destaques"],"_links":{"self":[{"href":"https:\/\/www.saloanoticias.com\/v1\/wp-json\/wp\/v2\/posts\/29757","targetHints":{"allow":["GET"]}}],"collection":[{"href":"https:\/\/www.saloanoticias.com\/v1\/wp-json\/wp\/v2\/posts"}],"about":[{"href":"https:\/\/www.saloanoticias.com\/v1\/wp-json\/wp\/v2\/types\/post"}],"author":[{"embeddable":true,"href":"https:\/\/www.saloanoticias.com\/v1\/wp-json\/wp\/v2\/users\/1"}],"replies":[{"embeddable":true,"href":"https:\/\/www.saloanoticias.com\/v1\/wp-json\/wp\/v2\/comments?post=29757"}],"version-history":[{"count":4,"href":"https:\/\/www.saloanoticias.com\/v1\/wp-json\/wp\/v2\/posts\/29757\/revisions"}],"predecessor-version":[{"id":29764,"href":"https:\/\/www.saloanoticias.com\/v1\/wp-json\/wp\/v2\/posts\/29757\/revisions\/29764"}],"wp:featuredmedia":[{"embeddable":true,"href":"https:\/\/www.saloanoticias.com\/v1\/wp-json\/wp\/v2\/media\/29759"}],"wp:attachment":[{"href":"https:\/\/www.saloanoticias.com\/v1\/wp-json\/wp\/v2\/media?parent=29757"}],"wp:term":[{"taxonomy":"category","embeddable":true,"href":"https:\/\/www.saloanoticias.com\/v1\/wp-json\/wp\/v2\/categories?post=29757"},{"taxonomy":"post_tag","embeddable":true,"href":"https:\/\/www.saloanoticias.com\/v1\/wp-json\/wp\/v2\/tags?post=29757"}],"curies":[{"name":"wp","href":"https:\/\/api.w.org\/{rel}","templated":true}]}}