{"id":29740,"date":"2025-10-13T10:34:01","date_gmt":"2025-10-13T13:34:01","guid":{"rendered":"https:\/\/www.saloanoticias.com\/v1\/?p=29740"},"modified":"2025-10-13T10:51:20","modified_gmt":"2025-10-13T13:51:20","slug":"ex-vereadores-cacau-e-ferreirinha-comemoram-aniversario-ao-lado-de-familiares-e-amigos-em-saloa","status":"publish","type":"post","link":"https:\/\/www.saloanoticias.com\/v1\/ex-vereadores-cacau-e-ferreirinha-comemoram-aniversario-ao-lado-de-familiares-e-amigos-em-saloa\/","title":{"rendered":"Ex-vereadores Cacau e Ferreirinha comemoram anivers\u00e1rio ao lado de familiares e amigos em Salo\u00e1"},"content":{"rendered":"\n<p>Os ex-vereadores de Salo\u00e1, Jos\u00e9 Milton Florentino, conhecido carinhosamente como Cacau, e Arnaldo Ferreira Lopes, o Ferreirinha, comemoraram seus anivers\u00e1rios nesta semana em clima de muita alegria e confraterniza\u00e7\u00e3o.<\/p>\n\n\n\n<p>A celebra\u00e7\u00e3o aconteceu no \u00faltimo final de semana, na ch\u00e1cara do Cabo Preto, e reuniu parentes e amigos. O encontro foi marcado por momentos de descontra\u00e7\u00e3o, reencontros e muitas homenagens aos aniversariantes, que receberam o carinho de todos os presentes.<\/p>\n\n\n\n<p>Cacau e Ferreirinha aproveitaram a ocasi\u00e3o para agradecer as demonstra\u00e7\u00f5es de afeto e amizade. A comemora\u00e7\u00e3o refor\u00e7ou o respeito que ambos mant\u00eam junto \u00e0 comunidade, simbolizando n\u00e3o apenas o anivers\u00e1rio de duas figuras queridas, mas tamb\u00e9m a celebra\u00e7\u00e3o de la\u00e7os duradouros de amizade e companheirismo em Salo\u00e1.<\/p>\n<div style=\"margin-top: 0px; margin-bottom: 0px;\" class=\"sharethis-inline-share-buttons\" ><\/div>","protected":false},"excerpt":{"rendered":"<p>Os ex-vereadores de Salo\u00e1, Jos\u00e9 Milton Florentino, conhecido carinhosamente como Cacau, e Arnaldo Ferreira Lopes, o Ferreirinha, comemoraram seus anivers\u00e1rios nesta semana em clima de muita alegria e confraterniza\u00e7\u00e3o. A celebra\u00e7\u00e3o aconteceu no \u00faltimo final de semana, na ch\u00e1cara do Cabo Preto, e reuniu parentes e amigos. O encontro foi marcado por momentos de descontra\u00e7\u00e3o, [&hellip;]<\/p>\n","protected":false},"author":1,"featured_media":29742,"comment_status":"closed","ping_status":"closed","sticky":false,"template":"","format":"standard","meta":{"footnotes":""},"categories":[2],"tags":[22],"class_list":["post-29740","post","type-post","status-publish","format-standard","has-post-thumbnail","hentry","category-noticias-do-dia","tag-destaques"],"_links":{"self":[{"href":"https:\/\/www.saloanoticias.com\/v1\/wp-json\/wp\/v2\/posts\/29740","targetHints":{"allow":["GET"]}}],"collection":[{"href":"https:\/\/www.saloanoticias.com\/v1\/wp-json\/wp\/v2\/posts"}],"about":[{"href":"https:\/\/www.saloanoticias.com\/v1\/wp-json\/wp\/v2\/types\/post"}],"author":[{"embeddable":true,"href":"https:\/\/www.saloanoticias.com\/v1\/wp-json\/wp\/v2\/users\/1"}],"replies":[{"embeddable":true,"href":"https:\/\/www.saloanoticias.com\/v1\/wp-json\/wp\/v2\/comments?post=29740"}],"version-history":[{"count":2,"href":"https:\/\/www.saloanoticias.com\/v1\/wp-json\/wp\/v2\/posts\/29740\/revisions"}],"predecessor-version":[{"id":29743,"href":"https:\/\/www.saloanoticias.com\/v1\/wp-json\/wp\/v2\/posts\/29740\/revisions\/29743"}],"wp:featuredmedia":[{"embeddable":true,"href":"https:\/\/www.saloanoticias.com\/v1\/wp-json\/wp\/v2\/media\/29742"}],"wp:attachment":[{"href":"https:\/\/www.saloanoticias.com\/v1\/wp-json\/wp\/v2\/media?parent=29740"}],"wp:term":[{"taxonomy":"category","embeddable":true,"href":"https:\/\/www.saloanoticias.com\/v1\/wp-json\/wp\/v2\/categories?post=29740"},{"taxonomy":"post_tag","embeddable":true,"href":"https:\/\/www.saloanoticias.com\/v1\/wp-json\/wp\/v2\/tags?post=29740"}],"curies":[{"name":"wp","href":"https:\/\/api.w.org\/{rel}","templated":true}]}}