{"id":29723,"date":"2025-10-12T12:18:24","date_gmt":"2025-10-12T15:18:24","guid":{"rendered":"https:\/\/www.saloanoticias.com\/v1\/?p=29723"},"modified":"2025-10-12T23:13:33","modified_gmt":"2025-10-13T02:13:33","slug":"prefeitura-de-saloa-realiza-grande-festa-do-dia-das-criancas-na-praca-de-eventos","status":"publish","type":"post","link":"https:\/\/www.saloanoticias.com\/v1\/prefeitura-de-saloa-realiza-grande-festa-do-dia-das-criancas-na-praca-de-eventos\/","title":{"rendered":"Prefeitura de Salo\u00e1 realiza grande Festa do Dia das Crian\u00e7as na Pra\u00e7a de Eventos"},"content":{"rendered":"\n<p>A \u00faltima sexta-feira, dia 10 de outubro, foi marcada por muita alegria e divers\u00e3o em Salo\u00e1. A Prefeitura Municipal promoveu uma grande Festa do Dia das Crian\u00e7as, realizada na Pra\u00e7a de Eventos da cidade, reunindo milhares de crian\u00e7as e pais em uma tarde inesquec\u00edvel de celebra\u00e7\u00e3o, brincadeiras e sorrisos.<\/p>\n\n\n<div class=\"wp-block-image\">\n<figure class=\"aligncenter size-large\"><img loading=\"lazy\" decoding=\"async\" width=\"1024\" height=\"678\" src=\"https:\/\/www.saloanoticias.com\/v1\/wp-content\/uploads\/2025\/10\/IMG_8950-1024x678.jpeg\" alt=\"\" class=\"wp-image-29735\" srcset=\"https:\/\/www.saloanoticias.com\/v1\/wp-content\/uploads\/2025\/10\/IMG_8950-1024x678.jpeg 1024w, https:\/\/www.saloanoticias.com\/v1\/wp-content\/uploads\/2025\/10\/IMG_8950-300x199.jpeg 300w, https:\/\/www.saloanoticias.com\/v1\/wp-content\/uploads\/2025\/10\/IMG_8950-768x509.jpeg 768w, https:\/\/www.saloanoticias.com\/v1\/wp-content\/uploads\/2025\/10\/IMG_8950-1536x1017.jpeg 1536w, https:\/\/www.saloanoticias.com\/v1\/wp-content\/uploads\/2025\/10\/IMG_8950-2048x1356.jpeg 2048w\" sizes=\"auto, (max-width: 1024px) 100vw, 1024px\" \/><\/figure>\n<\/div>\n\n\n<p>O evento contou com parquinhos de divers\u00e3o, distribui\u00e7\u00e3o e sorteio de brindes, al\u00e9m de muitas guloseimas, como pipoca, algod\u00e3o-doce e lanches variados, tudo preparado com muito carinho para garantir a felicidade da garotada. Tamb\u00e9m houve apresenta\u00e7\u00f5es culturais e atividades recreativas que animaram o p\u00fablico durante toda a tarde.<\/p>\n\n\n<div class=\"wp-block-image\">\n<figure class=\"aligncenter size-large\"><img loading=\"lazy\" decoding=\"async\" width=\"1024\" height=\"678\" src=\"https:\/\/www.saloanoticias.com\/v1\/wp-content\/uploads\/2025\/10\/IMG_8945-1-1024x678.jpeg\" alt=\"\" class=\"wp-image-29736\" srcset=\"https:\/\/www.saloanoticias.com\/v1\/wp-content\/uploads\/2025\/10\/IMG_8945-1-1024x678.jpeg 1024w, https:\/\/www.saloanoticias.com\/v1\/wp-content\/uploads\/2025\/10\/IMG_8945-1-300x199.jpeg 300w, https:\/\/www.saloanoticias.com\/v1\/wp-content\/uploads\/2025\/10\/IMG_8945-1-768x509.jpeg 768w, https:\/\/www.saloanoticias.com\/v1\/wp-content\/uploads\/2025\/10\/IMG_8945-1-1536x1017.jpeg 1536w, https:\/\/www.saloanoticias.com\/v1\/wp-content\/uploads\/2025\/10\/IMG_8945-1-2048x1356.jpeg 2048w\" sizes=\"auto, (max-width: 1024px) 100vw, 1024px\" \/><\/figure>\n<\/div>\n\n\n<p>A festa teve o apoio das secretarias municipais, com destaque para as de Assist\u00eancia Social, Educa\u00e7\u00e3o e Sa\u00fade, que se uniram em um grande esfor\u00e7o conjunto para garantir o sucesso do evento. Toda a equipe envolvida trabalhou com dedica\u00e7\u00e3o para proporcionar um momento de lazer, inclus\u00e3o e conviv\u00eancia para as fam\u00edlias saloaenses.<\/p>\n\n\n<div class=\"wp-block-image\">\n<figure class=\"aligncenter size-large\"><img loading=\"lazy\" decoding=\"async\" width=\"1024\" height=\"678\" src=\"https:\/\/www.saloanoticias.com\/v1\/wp-content\/uploads\/2025\/10\/IMG_8944-1024x678.jpeg\" alt=\"\" class=\"wp-image-29732\" srcset=\"https:\/\/www.saloanoticias.com\/v1\/wp-content\/uploads\/2025\/10\/IMG_8944-1024x678.jpeg 1024w, https:\/\/www.saloanoticias.com\/v1\/wp-content\/uploads\/2025\/10\/IMG_8944-300x199.jpeg 300w, https:\/\/www.saloanoticias.com\/v1\/wp-content\/uploads\/2025\/10\/IMG_8944-768x509.jpeg 768w, https:\/\/www.saloanoticias.com\/v1\/wp-content\/uploads\/2025\/10\/IMG_8944-1536x1017.jpeg 1536w, https:\/\/www.saloanoticias.com\/v1\/wp-content\/uploads\/2025\/10\/IMG_8944-2048x1356.jpeg 2048w\" sizes=\"auto, (max-width: 1024px) 100vw, 1024px\" \/><\/figure>\n<\/div>\n\n\n<p>O momento festivo contou ainda com a presen\u00e7a do prefeito J\u00fanior de Rivaldo, do vice-prefeito, de vereadores, secret\u00e1rios municipais e do deputado estadual Dannilo Godoy, que prestigiaram o evento e acompanharam de perto a alegria das crian\u00e7as. Durante o evento, o prefeito J\u00fanior de Rivaldo destacou a import\u00e2ncia de proporcionar momentos como esse para as fam\u00edlias saloaenses.<\/p>\n\n\n<div class=\"wp-block-image\">\n<figure class=\"aligncenter size-large\"><img loading=\"lazy\" decoding=\"async\" width=\"1024\" height=\"678\" src=\"https:\/\/www.saloanoticias.com\/v1\/wp-content\/uploads\/2025\/10\/IMG_8946-1024x678.jpeg\" alt=\"\" class=\"wp-image-29731\" srcset=\"https:\/\/www.saloanoticias.com\/v1\/wp-content\/uploads\/2025\/10\/IMG_8946-1024x678.jpeg 1024w, https:\/\/www.saloanoticias.com\/v1\/wp-content\/uploads\/2025\/10\/IMG_8946-300x199.jpeg 300w, https:\/\/www.saloanoticias.com\/v1\/wp-content\/uploads\/2025\/10\/IMG_8946-768x509.jpeg 768w, https:\/\/www.saloanoticias.com\/v1\/wp-content\/uploads\/2025\/10\/IMG_8946-1536x1017.jpeg 1536w, https:\/\/www.saloanoticias.com\/v1\/wp-content\/uploads\/2025\/10\/IMG_8946-2048x1356.jpeg 2048w\" sizes=\"auto, (max-width: 1024px) 100vw, 1024px\" \/><\/figure>\n<\/div>\n\n\n<blockquote class=\"wp-block-quote is-layout-flow wp-block-quote-is-layout-flow\">\n<p>&#8220;\u00c9 uma grande satisfa\u00e7\u00e3o ver a Pra\u00e7a de Eventos cheia de crian\u00e7as felizes. Nossa gest\u00e3o tem um compromisso com o bem-estar da popula\u00e7\u00e3o, e o Dia das Crian\u00e7as \u00e9 uma oportunidade de celebrar a inoc\u00eancia, a alegria e a esperan\u00e7a do nosso futuro. Quero agradecer a todas as secretarias envolvidas e a cada servidor que contribuiu para o sucesso dessa linda festa, afirmou o prefeito&#8221;.<\/p>\n\n\n<div class=\"wp-block-image\">\n<figure class=\"aligncenter size-large\"><img loading=\"lazy\" decoding=\"async\" width=\"1024\" height=\"678\" src=\"https:\/\/www.saloanoticias.com\/v1\/wp-content\/uploads\/2025\/10\/IMG_8948-1024x678.jpeg\" alt=\"\" class=\"wp-image-29734\" srcset=\"https:\/\/www.saloanoticias.com\/v1\/wp-content\/uploads\/2025\/10\/IMG_8948-1024x678.jpeg 1024w, https:\/\/www.saloanoticias.com\/v1\/wp-content\/uploads\/2025\/10\/IMG_8948-300x199.jpeg 300w, https:\/\/www.saloanoticias.com\/v1\/wp-content\/uploads\/2025\/10\/IMG_8948-768x509.jpeg 768w, https:\/\/www.saloanoticias.com\/v1\/wp-content\/uploads\/2025\/10\/IMG_8948-1536x1017.jpeg 1536w, https:\/\/www.saloanoticias.com\/v1\/wp-content\/uploads\/2025\/10\/IMG_8948-2048x1356.jpeg 2048w\" sizes=\"auto, (max-width: 1024px) 100vw, 1024px\" \/><\/figure>\n<\/div><\/blockquote>\n\n\n\n<p>Com essa iniciativa, a Prefeitura reafirma seu compromisso com o bem-estar das crian\u00e7as e com a promo\u00e7\u00e3o de a\u00e7\u00f5es que fortalecem os la\u00e7os comunit\u00e1rios, oferecendo momentos de alegria, cidadania e uni\u00e3o para toda a popula\u00e7\u00e3o de Salo\u00e1.<\/p>\n\n\n<div class=\"wp-block-image\">\n<figure class=\"aligncenter size-large\"><img loading=\"lazy\" decoding=\"async\" width=\"1024\" height=\"678\" src=\"https:\/\/www.saloanoticias.com\/v1\/wp-content\/uploads\/2025\/10\/IMG_8952-1024x678.jpeg\" alt=\"\" class=\"wp-image-29733\" srcset=\"https:\/\/www.saloanoticias.com\/v1\/wp-content\/uploads\/2025\/10\/IMG_8952-1024x678.jpeg 1024w, https:\/\/www.saloanoticias.com\/v1\/wp-content\/uploads\/2025\/10\/IMG_8952-300x199.jpeg 300w, https:\/\/www.saloanoticias.com\/v1\/wp-content\/uploads\/2025\/10\/IMG_8952-768x509.jpeg 768w, https:\/\/www.saloanoticias.com\/v1\/wp-content\/uploads\/2025\/10\/IMG_8952-1536x1017.jpeg 1536w, https:\/\/www.saloanoticias.com\/v1\/wp-content\/uploads\/2025\/10\/IMG_8952-2048x1356.jpeg 2048w\" sizes=\"auto, (max-width: 1024px) 100vw, 1024px\" \/><\/figure>\n<\/div><div style=\"margin-top: 0px; margin-bottom: 0px;\" class=\"sharethis-inline-share-buttons\" ><\/div>","protected":false},"excerpt":{"rendered":"<p>A \u00faltima sexta-feira, dia 10 de outubro, foi marcada por muita alegria e divers\u00e3o em Salo\u00e1. A Prefeitura Municipal promoveu uma grande Festa do Dia das Crian\u00e7as, realizada na Pra\u00e7a de Eventos da cidade, reunindo milhares de crian\u00e7as e pais em uma tarde inesquec\u00edvel de celebra\u00e7\u00e3o, brincadeiras e sorrisos. O evento contou com parquinhos de [&hellip;]<\/p>\n","protected":false},"author":1,"featured_media":29725,"comment_status":"closed","ping_status":"closed","sticky":false,"template":"","format":"standard","meta":{"footnotes":""},"categories":[21],"tags":[22],"class_list":["post-29723","post","type-post","status-publish","format-standard","has-post-thumbnail","hentry","category-cidade","tag-destaques"],"_links":{"self":[{"href":"https:\/\/www.saloanoticias.com\/v1\/wp-json\/wp\/v2\/posts\/29723","targetHints":{"allow":["GET"]}}],"collection":[{"href":"https:\/\/www.saloanoticias.com\/v1\/wp-json\/wp\/v2\/posts"}],"about":[{"href":"https:\/\/www.saloanoticias.com\/v1\/wp-json\/wp\/v2\/types\/post"}],"author":[{"embeddable":true,"href":"https:\/\/www.saloanoticias.com\/v1\/wp-json\/wp\/v2\/users\/1"}],"replies":[{"embeddable":true,"href":"https:\/\/www.saloanoticias.com\/v1\/wp-json\/wp\/v2\/comments?post=29723"}],"version-history":[{"count":5,"href":"https:\/\/www.saloanoticias.com\/v1\/wp-json\/wp\/v2\/posts\/29723\/revisions"}],"predecessor-version":[{"id":29739,"href":"https:\/\/www.saloanoticias.com\/v1\/wp-json\/wp\/v2\/posts\/29723\/revisions\/29739"}],"wp:featuredmedia":[{"embeddable":true,"href":"https:\/\/www.saloanoticias.com\/v1\/wp-json\/wp\/v2\/media\/29725"}],"wp:attachment":[{"href":"https:\/\/www.saloanoticias.com\/v1\/wp-json\/wp\/v2\/media?parent=29723"}],"wp:term":[{"taxonomy":"category","embeddable":true,"href":"https:\/\/www.saloanoticias.com\/v1\/wp-json\/wp\/v2\/categories?post=29723"},{"taxonomy":"post_tag","embeddable":true,"href":"https:\/\/www.saloanoticias.com\/v1\/wp-json\/wp\/v2\/tags?post=29723"}],"curies":[{"name":"wp","href":"https:\/\/api.w.org\/{rel}","templated":true}]}}