{"id":29718,"date":"2025-10-11T09:08:38","date_gmt":"2025-10-11T12:08:38","guid":{"rendered":"https:\/\/www.saloanoticias.com\/v1\/?p=29718"},"modified":"2025-10-11T10:45:08","modified_gmt":"2025-10-11T13:45:08","slug":"ex-prefeito-gilvan-pereira-celebra-mais-um-ano-de-vida","status":"publish","type":"post","link":"https:\/\/www.saloanoticias.com\/v1\/ex-prefeito-gilvan-pereira-celebra-mais-um-ano-de-vida\/","title":{"rendered":"Ex-prefeito Gilvan Pereira celebra mais um ano de vida"},"content":{"rendered":"\n<p>O ex-prefeito de Salo\u00e1, Gilvan Pereira, comemora neste s\u00e1bado (11) mais um ano de vida. Figura bastante conhecida e respeitada no cen\u00e1rio pol\u00edtico local, Gilvan teve a oportunidade de administrar o munic\u00edpio por duas gest\u00f5es, deixando marcas importantes em diversas \u00e1reas da administra\u00e7\u00e3o p\u00fablica.<\/p>\n\n\n\n<p>Durante seus mandatos, destacou-se por a\u00e7\u00f5es voltadas ao desenvolvimento urbano, \u00e0 educa\u00e7\u00e3o e \u00e0 melhoria da infraestrutura, sempre pautando seu trabalho pelo compromisso com o povo saloaense. Sua trajet\u00f3ria \u00e9 lembrada com reconhecimento por aqueles que acompanharam de perto seu esfor\u00e7o em promover o bem-estar e o progresso do munic\u00edpio.<\/p>\n\n\n\n<p>Neste dia especial, amigos, familiares e admiradores expressam votos de muita sa\u00fade, paz e felicidades ao ex-prefeito Gilvan Pereira, homem p\u00fablico que contribuiu significativamente para a hist\u00f3ria e o desenvolvimento de Salo\u00e1. Parab\u00e9ns, Gilvan Pereira! Que Deus continue aben\u00e7oando sua vida e sua caminhada.<br><\/p>\n<div style=\"margin-top: 0px; margin-bottom: 0px;\" class=\"sharethis-inline-share-buttons\" ><\/div>","protected":false},"excerpt":{"rendered":"<p>O ex-prefeito de Salo\u00e1, Gilvan Pereira, comemora neste s\u00e1bado (11) mais um ano de vida. Figura bastante conhecida e respeitada no cen\u00e1rio pol\u00edtico local, Gilvan teve a oportunidade de administrar o munic\u00edpio por duas gest\u00f5es, deixando marcas importantes em diversas \u00e1reas da administra\u00e7\u00e3o p\u00fablica. Durante seus mandatos, destacou-se por a\u00e7\u00f5es voltadas ao desenvolvimento urbano, \u00e0 [&hellip;]<\/p>\n","protected":false},"author":1,"featured_media":29719,"comment_status":"closed","ping_status":"closed","sticky":false,"template":"","format":"standard","meta":{"footnotes":""},"categories":[21],"tags":[22],"class_list":["post-29718","post","type-post","status-publish","format-standard","has-post-thumbnail","hentry","category-cidade","tag-destaques"],"_links":{"self":[{"href":"https:\/\/www.saloanoticias.com\/v1\/wp-json\/wp\/v2\/posts\/29718","targetHints":{"allow":["GET"]}}],"collection":[{"href":"https:\/\/www.saloanoticias.com\/v1\/wp-json\/wp\/v2\/posts"}],"about":[{"href":"https:\/\/www.saloanoticias.com\/v1\/wp-json\/wp\/v2\/types\/post"}],"author":[{"embeddable":true,"href":"https:\/\/www.saloanoticias.com\/v1\/wp-json\/wp\/v2\/users\/1"}],"replies":[{"embeddable":true,"href":"https:\/\/www.saloanoticias.com\/v1\/wp-json\/wp\/v2\/comments?post=29718"}],"version-history":[{"count":3,"href":"https:\/\/www.saloanoticias.com\/v1\/wp-json\/wp\/v2\/posts\/29718\/revisions"}],"predecessor-version":[{"id":29722,"href":"https:\/\/www.saloanoticias.com\/v1\/wp-json\/wp\/v2\/posts\/29718\/revisions\/29722"}],"wp:featuredmedia":[{"embeddable":true,"href":"https:\/\/www.saloanoticias.com\/v1\/wp-json\/wp\/v2\/media\/29719"}],"wp:attachment":[{"href":"https:\/\/www.saloanoticias.com\/v1\/wp-json\/wp\/v2\/media?parent=29718"}],"wp:term":[{"taxonomy":"category","embeddable":true,"href":"https:\/\/www.saloanoticias.com\/v1\/wp-json\/wp\/v2\/categories?post=29718"},{"taxonomy":"post_tag","embeddable":true,"href":"https:\/\/www.saloanoticias.com\/v1\/wp-json\/wp\/v2\/tags?post=29718"}],"curies":[{"name":"wp","href":"https:\/\/api.w.org\/{rel}","templated":true}]}}