{"id":29699,"date":"2025-10-09T20:07:13","date_gmt":"2025-10-09T23:07:13","guid":{"rendered":"https:\/\/www.saloanoticias.com\/v1\/?p=29699"},"modified":"2025-10-09T20:13:38","modified_gmt":"2025-10-09T23:13:38","slug":"iniciadas-as-obras-de-terraplanagem-na-estrada-que-liga-iateca-prata-ao-povoado-serrinha-da-prata","status":"publish","type":"post","link":"https:\/\/www.saloanoticias.com\/v1\/iniciadas-as-obras-de-terraplanagem-na-estrada-que-liga-iateca-prata-ao-povoado-serrinha-da-prata\/","title":{"rendered":"Iniciadas as obras de terraplanagem na estrada que liga Iatec\u00e1 ao povoado Serrinha da Prata"},"content":{"rendered":"\n<p>A popula\u00e7\u00e3o de Salo\u00e1 comemora o in\u00edcio das obras de terraplanagem na estrada que liga Iatec\u00e1 (Prata) ao povoado Serrinha da Prata, uma importante via que beneficiar\u00e1 diretamente moradores, produtores e comerciantes da regi\u00e3o.<\/p>\n\n\n<div class=\"wp-block-image\">\n<figure class=\"aligncenter size-large\"><img loading=\"lazy\" decoding=\"async\" width=\"768\" height=\"1024\" src=\"https:\/\/www.saloanoticias.com\/v1\/wp-content\/uploads\/2025\/10\/4ba45bd7-4ba5-4efc-846b-26181bedd0d6-768x1024.jpeg\" alt=\"\" class=\"wp-image-29703\" srcset=\"https:\/\/www.saloanoticias.com\/v1\/wp-content\/uploads\/2025\/10\/4ba45bd7-4ba5-4efc-846b-26181bedd0d6-768x1024.jpeg 768w, https:\/\/www.saloanoticias.com\/v1\/wp-content\/uploads\/2025\/10\/4ba45bd7-4ba5-4efc-846b-26181bedd0d6-225x300.jpeg 225w, https:\/\/www.saloanoticias.com\/v1\/wp-content\/uploads\/2025\/10\/4ba45bd7-4ba5-4efc-846b-26181bedd0d6-1152x1536.jpeg 1152w, https:\/\/www.saloanoticias.com\/v1\/wp-content\/uploads\/2025\/10\/4ba45bd7-4ba5-4efc-846b-26181bedd0d6-1536x2048.jpeg 1536w, https:\/\/www.saloanoticias.com\/v1\/wp-content\/uploads\/2025\/10\/4ba45bd7-4ba5-4efc-846b-26181bedd0d6-scaled.jpeg 1920w\" sizes=\"auto, (max-width: 768px) 100vw, 768px\" \/><\/figure>\n<\/div>\n\n\n<p>A a\u00e7\u00e3o \u00e9 fruto de uma parceria entre o Governo do Estado e a Prefeitura de Salo\u00e1, refor\u00e7ando o compromisso conjunto com o desenvolvimento e a infraestrutura do munic\u00edpio. O prefeito J\u00fanior de Rivaldo destacou a relev\u00e2ncia do projeto, ressaltando que a nova estrada trar\u00e1 grandes avan\u00e7os para a zona rural.<\/p>\n\n\n<div class=\"wp-block-image\">\n<figure class=\"aligncenter size-large\"><img loading=\"lazy\" decoding=\"async\" width=\"768\" height=\"1024\" src=\"https:\/\/www.saloanoticias.com\/v1\/wp-content\/uploads\/2025\/10\/6235ffd0-1606-44fe-8ee5-928bf14899f8-768x1024.jpeg\" alt=\"\" class=\"wp-image-29704\" srcset=\"https:\/\/www.saloanoticias.com\/v1\/wp-content\/uploads\/2025\/10\/6235ffd0-1606-44fe-8ee5-928bf14899f8-768x1024.jpeg 768w, https:\/\/www.saloanoticias.com\/v1\/wp-content\/uploads\/2025\/10\/6235ffd0-1606-44fe-8ee5-928bf14899f8-225x300.jpeg 225w, https:\/\/www.saloanoticias.com\/v1\/wp-content\/uploads\/2025\/10\/6235ffd0-1606-44fe-8ee5-928bf14899f8-1152x1536.jpeg 1152w, https:\/\/www.saloanoticias.com\/v1\/wp-content\/uploads\/2025\/10\/6235ffd0-1606-44fe-8ee5-928bf14899f8-1536x2048.jpeg 1536w, https:\/\/www.saloanoticias.com\/v1\/wp-content\/uploads\/2025\/10\/6235ffd0-1606-44fe-8ee5-928bf14899f8-scaled.jpeg 1920w\" sizes=\"auto, (max-width: 768px) 100vw, 768px\" \/><\/figure>\n<\/div>\n\n\n<p>\u201cDepois de pronta, essa estrada ser\u00e1 de grande import\u00e2ncia para o desenvolvimento, o escoamento da produ\u00e7\u00e3o agr\u00edcola e a mobilidade das popula\u00e7\u00f5es envolvidas\u201d, afirmou o gestor. As obras representam mais um passo significativo na melhoria da malha vi\u00e1ria de Salo\u00e1, garantindo mais seguran\u00e7a, conforto e oportunidades para quem transita e produz na regi\u00e3o.<\/p>\n\n\n<div class=\"wp-block-image\">\n<figure class=\"aligncenter size-large\"><img loading=\"lazy\" decoding=\"async\" width=\"768\" height=\"1024\" src=\"https:\/\/www.saloanoticias.com\/v1\/wp-content\/uploads\/2025\/10\/41998ce2-7585-4f83-8335-a22cf9f554f9-768x1024.jpeg\" alt=\"\" class=\"wp-image-29705\" srcset=\"https:\/\/www.saloanoticias.com\/v1\/wp-content\/uploads\/2025\/10\/41998ce2-7585-4f83-8335-a22cf9f554f9-768x1024.jpeg 768w, https:\/\/www.saloanoticias.com\/v1\/wp-content\/uploads\/2025\/10\/41998ce2-7585-4f83-8335-a22cf9f554f9-225x300.jpeg 225w, https:\/\/www.saloanoticias.com\/v1\/wp-content\/uploads\/2025\/10\/41998ce2-7585-4f83-8335-a22cf9f554f9-1152x1536.jpeg 1152w, https:\/\/www.saloanoticias.com\/v1\/wp-content\/uploads\/2025\/10\/41998ce2-7585-4f83-8335-a22cf9f554f9-1536x2048.jpeg 1536w, https:\/\/www.saloanoticias.com\/v1\/wp-content\/uploads\/2025\/10\/41998ce2-7585-4f83-8335-a22cf9f554f9-scaled.jpeg 1920w\" sizes=\"auto, (max-width: 768px) 100vw, 768px\" \/><\/figure>\n<\/div><div style=\"margin-top: 0px; margin-bottom: 0px;\" class=\"sharethis-inline-share-buttons\" ><\/div>","protected":false},"excerpt":{"rendered":"<p>A popula\u00e7\u00e3o de Salo\u00e1 comemora o in\u00edcio das obras de terraplanagem na estrada que liga Iatec\u00e1 (Prata) ao povoado Serrinha da Prata, uma importante via que beneficiar\u00e1 diretamente moradores, produtores e comerciantes da regi\u00e3o. A a\u00e7\u00e3o \u00e9 fruto de uma parceria entre o Governo do Estado e a Prefeitura de Salo\u00e1, refor\u00e7ando o compromisso conjunto [&hellip;]<\/p>\n","protected":false},"author":1,"featured_media":29701,"comment_status":"closed","ping_status":"closed","sticky":false,"template":"","format":"standard","meta":{"footnotes":""},"categories":[21],"tags":[22],"class_list":["post-29699","post","type-post","status-publish","format-standard","has-post-thumbnail","hentry","category-cidade","tag-destaques"],"_links":{"self":[{"href":"https:\/\/www.saloanoticias.com\/v1\/wp-json\/wp\/v2\/posts\/29699","targetHints":{"allow":["GET"]}}],"collection":[{"href":"https:\/\/www.saloanoticias.com\/v1\/wp-json\/wp\/v2\/posts"}],"about":[{"href":"https:\/\/www.saloanoticias.com\/v1\/wp-json\/wp\/v2\/types\/post"}],"author":[{"embeddable":true,"href":"https:\/\/www.saloanoticias.com\/v1\/wp-json\/wp\/v2\/users\/1"}],"replies":[{"embeddable":true,"href":"https:\/\/www.saloanoticias.com\/v1\/wp-json\/wp\/v2\/comments?post=29699"}],"version-history":[{"count":4,"href":"https:\/\/www.saloanoticias.com\/v1\/wp-json\/wp\/v2\/posts\/29699\/revisions"}],"predecessor-version":[{"id":29708,"href":"https:\/\/www.saloanoticias.com\/v1\/wp-json\/wp\/v2\/posts\/29699\/revisions\/29708"}],"wp:featuredmedia":[{"embeddable":true,"href":"https:\/\/www.saloanoticias.com\/v1\/wp-json\/wp\/v2\/media\/29701"}],"wp:attachment":[{"href":"https:\/\/www.saloanoticias.com\/v1\/wp-json\/wp\/v2\/media?parent=29699"}],"wp:term":[{"taxonomy":"category","embeddable":true,"href":"https:\/\/www.saloanoticias.com\/v1\/wp-json\/wp\/v2\/categories?post=29699"},{"taxonomy":"post_tag","embeddable":true,"href":"https:\/\/www.saloanoticias.com\/v1\/wp-json\/wp\/v2\/tags?post=29699"}],"curies":[{"name":"wp","href":"https:\/\/api.w.org\/{rel}","templated":true}]}}