{"id":29687,"date":"2025-10-08T14:22:27","date_gmt":"2025-10-08T17:22:27","guid":{"rendered":"https:\/\/www.saloanoticias.com\/v1\/?p=29687"},"modified":"2025-10-08T14:43:00","modified_gmt":"2025-10-08T17:43:00","slug":"saloaenses-comemoram-recuperacao-da-pe-223-e-parabenizam-prefeito-junior-de-rivaldo-e-governadora-raquel-lyra","status":"publish","type":"post","link":"https:\/\/www.saloanoticias.com\/v1\/saloaenses-comemoram-recuperacao-da-pe-223-e-parabenizam-prefeito-junior-de-rivaldo-e-governadora-raquel-lyra\/","title":{"rendered":"Saloaenses comemoram recupera\u00e7\u00e3o da PE-223 e parabenizam prefeito J\u00fanior de Rivaldo e governadora Raquel Lyra"},"content":{"rendered":"\n<p>Os moradores de Salo\u00e1 t\u00eam utilizado as redes sociais para expressar alegria e gratid\u00e3o pela recupera\u00e7\u00e3o da PE-223, rodovia que liga o Posto Alto da Serra \u00e0 cidade de Salo\u00e1.<\/p>\n\n\n\n<figure class=\"wp-block-image size-large\"><img loading=\"lazy\" decoding=\"async\" width=\"819\" height=\"1024\" src=\"https:\/\/www.saloanoticias.com\/v1\/wp-content\/uploads\/2025\/10\/385760b3-8d2c-4f64-9a35-8b3029ae7f4c-819x1024.jpeg\" alt=\"\" class=\"wp-image-29691\" srcset=\"https:\/\/www.saloanoticias.com\/v1\/wp-content\/uploads\/2025\/10\/385760b3-8d2c-4f64-9a35-8b3029ae7f4c-819x1024.jpeg 819w, https:\/\/www.saloanoticias.com\/v1\/wp-content\/uploads\/2025\/10\/385760b3-8d2c-4f64-9a35-8b3029ae7f4c-240x300.jpeg 240w, https:\/\/www.saloanoticias.com\/v1\/wp-content\/uploads\/2025\/10\/385760b3-8d2c-4f64-9a35-8b3029ae7f4c-768x960.jpeg 768w, https:\/\/www.saloanoticias.com\/v1\/wp-content\/uploads\/2025\/10\/385760b3-8d2c-4f64-9a35-8b3029ae7f4c.jpeg 1024w\" sizes=\"auto, (max-width: 819px) 100vw, 819px\" \/><\/figure>\n\n\n\n<p>A obra, aguardada h\u00e1 muitos anos, foi recebida com entusiasmo pela popula\u00e7\u00e3o, que fez quest\u00e3o de parabenizar a governadora Raquel Lyra e o prefeito J\u00fanior de Rivaldo pelo empenho e parceria que tornaram o projeto realidade.<\/p>\n\n\n<div class=\"wp-block-image\">\n<figure class=\"aligncenter size-large\"><img loading=\"lazy\" decoding=\"async\" width=\"768\" height=\"1024\" src=\"https:\/\/www.saloanoticias.com\/v1\/wp-content\/uploads\/2025\/10\/f81c4247-4a3e-4910-90ca-3e82fb65ccff-768x1024.jpeg\" alt=\"\" class=\"wp-image-29689\" srcset=\"https:\/\/www.saloanoticias.com\/v1\/wp-content\/uploads\/2025\/10\/f81c4247-4a3e-4910-90ca-3e82fb65ccff-768x1024.jpeg 768w, https:\/\/www.saloanoticias.com\/v1\/wp-content\/uploads\/2025\/10\/f81c4247-4a3e-4910-90ca-3e82fb65ccff-225x300.jpeg 225w, https:\/\/www.saloanoticias.com\/v1\/wp-content\/uploads\/2025\/10\/f81c4247-4a3e-4910-90ca-3e82fb65ccff-1152x1536.jpeg 1152w, https:\/\/www.saloanoticias.com\/v1\/wp-content\/uploads\/2025\/10\/f81c4247-4a3e-4910-90ca-3e82fb65ccff-1536x2048.jpeg 1536w, https:\/\/www.saloanoticias.com\/v1\/wp-content\/uploads\/2025\/10\/f81c4247-4a3e-4910-90ca-3e82fb65ccff-scaled.jpeg 1920w\" sizes=\"auto, (max-width: 768px) 100vw, 768px\" \/><\/figure>\n<\/div>\n\n\n<p>Al\u00e9m da nova pavimenta\u00e7\u00e3o, um dos pontos mais elogiados foi a excelente sinaliza\u00e7\u00e3o implantada ao longo da rodovia, principalmente \u00e0 noite, que proporciona mais seguran\u00e7a aos motoristas e pedestres, ajudando a evitar acidentes e garantir um tr\u00e2nsito mais organizado.<\/p>\n\n\n<div class=\"wp-block-image\">\n<figure class=\"aligncenter size-large\"><img loading=\"lazy\" decoding=\"async\" width=\"768\" height=\"1024\" src=\"https:\/\/www.saloanoticias.com\/v1\/wp-content\/uploads\/2025\/10\/9ce41d2a-8f5c-4297-ab6f-624253f825d5-768x1024.jpeg\" alt=\"\" class=\"wp-image-29690\" srcset=\"https:\/\/www.saloanoticias.com\/v1\/wp-content\/uploads\/2025\/10\/9ce41d2a-8f5c-4297-ab6f-624253f825d5-768x1024.jpeg 768w, https:\/\/www.saloanoticias.com\/v1\/wp-content\/uploads\/2025\/10\/9ce41d2a-8f5c-4297-ab6f-624253f825d5-225x300.jpeg 225w, https:\/\/www.saloanoticias.com\/v1\/wp-content\/uploads\/2025\/10\/9ce41d2a-8f5c-4297-ab6f-624253f825d5-1152x1536.jpeg 1152w, https:\/\/www.saloanoticias.com\/v1\/wp-content\/uploads\/2025\/10\/9ce41d2a-8f5c-4297-ab6f-624253f825d5-1536x2048.jpeg 1536w, https:\/\/www.saloanoticias.com\/v1\/wp-content\/uploads\/2025\/10\/9ce41d2a-8f5c-4297-ab6f-624253f825d5-scaled.jpeg 1920w\" sizes=\"auto, (max-width: 768px) 100vw, 768px\" \/><\/figure>\n<\/div>\n\n\n<p>De acordo com informa\u00e7\u00f5es, a governadora Raquel Lyra dever\u00e1 vir em breve a Salo\u00e1 para inaugurar oficialmente a obra e anunciar novas a\u00e7\u00f5es de infraestrutura que ir\u00e3o beneficiar ainda mais o munic\u00edpio e toda a regi\u00e3o.<\/p>\n\n\n\n<p>A melhoria da PE-223 representa um avan\u00e7o significativo para Salo\u00e1, facilitando o escoamento da produ\u00e7\u00e3o, o transporte escolar e o deslocamento di\u00e1rio da popula\u00e7\u00e3o, consolidando mais um passo importante rumo ao desenvolvimento do munic\u00edpio.<\/p>\n\n\n<div class=\"wp-block-image\">\n<figure class=\"aligncenter size-large\"><img loading=\"lazy\" decoding=\"async\" width=\"819\" height=\"1024\" src=\"https:\/\/www.saloanoticias.com\/v1\/wp-content\/uploads\/2025\/10\/385760b3-8d2c-4f64-9a35-8b3029ae7f4c-819x1024.jpeg\" alt=\"\" class=\"wp-image-29691\" srcset=\"https:\/\/www.saloanoticias.com\/v1\/wp-content\/uploads\/2025\/10\/385760b3-8d2c-4f64-9a35-8b3029ae7f4c-819x1024.jpeg 819w, https:\/\/www.saloanoticias.com\/v1\/wp-content\/uploads\/2025\/10\/385760b3-8d2c-4f64-9a35-8b3029ae7f4c-240x300.jpeg 240w, https:\/\/www.saloanoticias.com\/v1\/wp-content\/uploads\/2025\/10\/385760b3-8d2c-4f64-9a35-8b3029ae7f4c-768x960.jpeg 768w, https:\/\/www.saloanoticias.com\/v1\/wp-content\/uploads\/2025\/10\/385760b3-8d2c-4f64-9a35-8b3029ae7f4c.jpeg 1024w\" sizes=\"auto, (max-width: 819px) 100vw, 819px\" \/><\/figure>\n<\/div><div style=\"margin-top: 0px; margin-bottom: 0px;\" class=\"sharethis-inline-share-buttons\" ><\/div>","protected":false},"excerpt":{"rendered":"<p>Os moradores de Salo\u00e1 t\u00eam utilizado as redes sociais para expressar alegria e gratid\u00e3o pela recupera\u00e7\u00e3o da PE-223, rodovia que liga o Posto Alto da Serra \u00e0 cidade de Salo\u00e1. A obra, aguardada h\u00e1 muitos anos, foi recebida com entusiasmo pela popula\u00e7\u00e3o, que fez quest\u00e3o de parabenizar a governadora Raquel Lyra e o prefeito J\u00fanior [&hellip;]<\/p>\n","protected":false},"author":1,"featured_media":29688,"comment_status":"closed","ping_status":"closed","sticky":false,"template":"","format":"standard","meta":{"footnotes":""},"categories":[21],"tags":[22],"class_list":["post-29687","post","type-post","status-publish","format-standard","has-post-thumbnail","hentry","category-cidade","tag-destaques"],"_links":{"self":[{"href":"https:\/\/www.saloanoticias.com\/v1\/wp-json\/wp\/v2\/posts\/29687","targetHints":{"allow":["GET"]}}],"collection":[{"href":"https:\/\/www.saloanoticias.com\/v1\/wp-json\/wp\/v2\/posts"}],"about":[{"href":"https:\/\/www.saloanoticias.com\/v1\/wp-json\/wp\/v2\/types\/post"}],"author":[{"embeddable":true,"href":"https:\/\/www.saloanoticias.com\/v1\/wp-json\/wp\/v2\/users\/1"}],"replies":[{"embeddable":true,"href":"https:\/\/www.saloanoticias.com\/v1\/wp-json\/wp\/v2\/comments?post=29687"}],"version-history":[{"count":5,"href":"https:\/\/www.saloanoticias.com\/v1\/wp-json\/wp\/v2\/posts\/29687\/revisions"}],"predecessor-version":[{"id":29697,"href":"https:\/\/www.saloanoticias.com\/v1\/wp-json\/wp\/v2\/posts\/29687\/revisions\/29697"}],"wp:featuredmedia":[{"embeddable":true,"href":"https:\/\/www.saloanoticias.com\/v1\/wp-json\/wp\/v2\/media\/29688"}],"wp:attachment":[{"href":"https:\/\/www.saloanoticias.com\/v1\/wp-json\/wp\/v2\/media?parent=29687"}],"wp:term":[{"taxonomy":"category","embeddable":true,"href":"https:\/\/www.saloanoticias.com\/v1\/wp-json\/wp\/v2\/categories?post=29687"},{"taxonomy":"post_tag","embeddable":true,"href":"https:\/\/www.saloanoticias.com\/v1\/wp-json\/wp\/v2\/tags?post=29687"}],"curies":[{"name":"wp","href":"https:\/\/api.w.org\/{rel}","templated":true}]}}