{"id":29660,"date":"2025-10-05T12:34:15","date_gmt":"2025-10-05T15:34:15","guid":{"rendered":"https:\/\/www.saloanoticias.com\/v1\/?p=29660"},"modified":"2025-10-05T12:41:02","modified_gmt":"2025-10-05T15:41:02","slug":"ieadpe-realiza-batismo-em-aguas-em-saloa-em-um-dia-de-fe-e-gratidao-a-deus","status":"publish","type":"post","link":"https:\/\/www.saloanoticias.com\/v1\/ieadpe-realiza-batismo-em-aguas-em-saloa-em-um-dia-de-fe-e-gratidao-a-deus\/","title":{"rendered":"IEADPE realiza Batismo em \u00c1guas em Salo\u00e1 em um dia de f\u00e9 e gratid\u00e3o a Deus"},"content":{"rendered":"\n<p>A Igreja Evang\u00e9lica Assembleia de Deus em Pernambuco (IEADPE), na cidade de Salo\u00e1, realizou no dia 19 de setembro de 2025 uma marcante cerim\u00f4nia de Batismo em \u00c1guas, sob a dire\u00e7\u00e3o do pastor Mozeis Lima.<\/p>\n\n\n<div class=\"wp-block-image\">\n<figure class=\"aligncenter size-full\"><img loading=\"lazy\" decoding=\"async\" width=\"960\" height=\"725\" src=\"https:\/\/www.saloanoticias.com\/v1\/wp-content\/uploads\/2025\/10\/IMG_8778.jpeg\" alt=\"\" class=\"wp-image-29665\" srcset=\"https:\/\/www.saloanoticias.com\/v1\/wp-content\/uploads\/2025\/10\/IMG_8778.jpeg 960w, https:\/\/www.saloanoticias.com\/v1\/wp-content\/uploads\/2025\/10\/IMG_8778-300x227.jpeg 300w, https:\/\/www.saloanoticias.com\/v1\/wp-content\/uploads\/2025\/10\/IMG_8778-768x580.jpeg 768w\" sizes=\"auto, (max-width: 960px) 100vw, 960px\" \/><\/figure>\n<\/div>\n\n\n<p>O evento, que reuniu dezenas de fi\u00e9is e familiares, foi um momento de profunda alegria, devo\u00e7\u00e3o e agradecimento a Deus, celebrando vidas que decidiram publicamente seguir a f\u00e9 crist\u00e3. A cerim\u00f4nia contou com a ilustre presen\u00e7a do pastor Dion\u00edzio Lyra, que esteve no tanque batismal ao lado do Reverendo Mozeis Lima, participando ativamente do ato solene e conduzindo o batismo dos novos membros da igreja.<\/p>\n\n\n<div class=\"wp-block-image\">\n<figure class=\"aligncenter size-full\"><img loading=\"lazy\" decoding=\"async\" width=\"960\" height=\"570\" src=\"https:\/\/www.saloanoticias.com\/v1\/wp-content\/uploads\/2025\/10\/IMG_8775.jpeg\" alt=\"\" class=\"wp-image-29667\" srcset=\"https:\/\/www.saloanoticias.com\/v1\/wp-content\/uploads\/2025\/10\/IMG_8775.jpeg 960w, https:\/\/www.saloanoticias.com\/v1\/wp-content\/uploads\/2025\/10\/IMG_8775-300x178.jpeg 300w, https:\/\/www.saloanoticias.com\/v1\/wp-content\/uploads\/2025\/10\/IMG_8775-768x456.jpeg 768w\" sizes=\"auto, (max-width: 960px) 100vw, 960px\" \/><\/figure>\n<\/div>\n\n\n<p>Durante o culto especial, os participantes expressaram emo\u00e7\u00e3o e gratid\u00e3o a Deus pela oportunidade de viver esse momento espiritual t\u00e3o significativo. Louvores, ora\u00e7\u00f5es e mensagens b\u00edblicas marcaram a celebra\u00e7\u00e3o, refor\u00e7ando o compromisso da igreja com o ensino da Palavra e a miss\u00e3o evangelizadora.<\/p>\n\n\n<div class=\"wp-block-image\">\n<figure class=\"aligncenter size-full\"><img loading=\"lazy\" decoding=\"async\" width=\"960\" height=\"739\" src=\"https:\/\/www.saloanoticias.com\/v1\/wp-content\/uploads\/2025\/10\/IMG_8774.jpeg\" alt=\"\" class=\"wp-image-29668\" srcset=\"https:\/\/www.saloanoticias.com\/v1\/wp-content\/uploads\/2025\/10\/IMG_8774.jpeg 960w, https:\/\/www.saloanoticias.com\/v1\/wp-content\/uploads\/2025\/10\/IMG_8774-300x231.jpeg 300w, https:\/\/www.saloanoticias.com\/v1\/wp-content\/uploads\/2025\/10\/IMG_8774-768x591.jpeg 768w\" sizes=\"auto, (max-width: 960px) 100vw, 960px\" \/><\/figure>\n<\/div>\n\n\n<p>O Batismo em \u00c1guas \u00e9 um dos marcos mais importantes na caminhada crist\u00e3, simbolizando o novo nascimento e a alian\u00e7a com Cristo. A IEADPE em Salo\u00e1 segue firme em sua miss\u00e3o de proclamar o Evangelho e fortalecer a f\u00e9 da comunidade sob a lideran\u00e7a do pastor Mozeis Lima. <em>Fotos: IEADPE na cidade de Salo\u00e1\/PE<\/em><\/p>\n\n\n<div class=\"wp-block-image\">\n<figure class=\"aligncenter size-full\"><img loading=\"lazy\" decoding=\"async\" width=\"960\" height=\"689\" src=\"https:\/\/www.saloanoticias.com\/v1\/wp-content\/uploads\/2025\/10\/IMG_8776.jpeg\" alt=\"\" class=\"wp-image-29669\" srcset=\"https:\/\/www.saloanoticias.com\/v1\/wp-content\/uploads\/2025\/10\/IMG_8776.jpeg 960w, https:\/\/www.saloanoticias.com\/v1\/wp-content\/uploads\/2025\/10\/IMG_8776-300x215.jpeg 300w, https:\/\/www.saloanoticias.com\/v1\/wp-content\/uploads\/2025\/10\/IMG_8776-768x551.jpeg 768w\" sizes=\"auto, (max-width: 960px) 100vw, 960px\" \/><figcaption class=\"wp-element-caption\"><br><\/figcaption><\/figure>\n<\/div>\n\n<div class=\"wp-block-image\">\n<figure class=\"aligncenter size-full\"><img loading=\"lazy\" decoding=\"async\" width=\"960\" height=\"623\" src=\"https:\/\/www.saloanoticias.com\/v1\/wp-content\/uploads\/2025\/10\/IMG_8772.jpeg\" alt=\"\" class=\"wp-image-29670\" srcset=\"https:\/\/www.saloanoticias.com\/v1\/wp-content\/uploads\/2025\/10\/IMG_8772.jpeg 960w, https:\/\/www.saloanoticias.com\/v1\/wp-content\/uploads\/2025\/10\/IMG_8772-300x195.jpeg 300w, https:\/\/www.saloanoticias.com\/v1\/wp-content\/uploads\/2025\/10\/IMG_8772-768x498.jpeg 768w\" sizes=\"auto, (max-width: 960px) 100vw, 960px\" \/><\/figure>\n<\/div><div style=\"margin-top: 0px; margin-bottom: 0px;\" class=\"sharethis-inline-share-buttons\" ><\/div>","protected":false},"excerpt":{"rendered":"<p>A Igreja Evang\u00e9lica Assembleia de Deus em Pernambuco (IEADPE), na cidade de Salo\u00e1, realizou no dia 19 de setembro de 2025 uma marcante cerim\u00f4nia de Batismo em \u00c1guas, sob a dire\u00e7\u00e3o do pastor Mozeis Lima. O evento, que reuniu dezenas de fi\u00e9is e familiares, foi um momento de profunda alegria, devo\u00e7\u00e3o e agradecimento a Deus, [&hellip;]<\/p>\n","protected":false},"author":1,"featured_media":29664,"comment_status":"closed","ping_status":"closed","sticky":false,"template":"","format":"standard","meta":{"footnotes":""},"categories":[16],"tags":[22],"class_list":["post-29660","post","type-post","status-publish","format-standard","has-post-thumbnail","hentry","category-religiao","tag-destaques"],"_links":{"self":[{"href":"https:\/\/www.saloanoticias.com\/v1\/wp-json\/wp\/v2\/posts\/29660","targetHints":{"allow":["GET"]}}],"collection":[{"href":"https:\/\/www.saloanoticias.com\/v1\/wp-json\/wp\/v2\/posts"}],"about":[{"href":"https:\/\/www.saloanoticias.com\/v1\/wp-json\/wp\/v2\/types\/post"}],"author":[{"embeddable":true,"href":"https:\/\/www.saloanoticias.com\/v1\/wp-json\/wp\/v2\/users\/1"}],"replies":[{"embeddable":true,"href":"https:\/\/www.saloanoticias.com\/v1\/wp-json\/wp\/v2\/comments?post=29660"}],"version-history":[{"count":4,"href":"https:\/\/www.saloanoticias.com\/v1\/wp-json\/wp\/v2\/posts\/29660\/revisions"}],"predecessor-version":[{"id":29673,"href":"https:\/\/www.saloanoticias.com\/v1\/wp-json\/wp\/v2\/posts\/29660\/revisions\/29673"}],"wp:featuredmedia":[{"embeddable":true,"href":"https:\/\/www.saloanoticias.com\/v1\/wp-json\/wp\/v2\/media\/29664"}],"wp:attachment":[{"href":"https:\/\/www.saloanoticias.com\/v1\/wp-json\/wp\/v2\/media?parent=29660"}],"wp:term":[{"taxonomy":"category","embeddable":true,"href":"https:\/\/www.saloanoticias.com\/v1\/wp-json\/wp\/v2\/categories?post=29660"},{"taxonomy":"post_tag","embeddable":true,"href":"https:\/\/www.saloanoticias.com\/v1\/wp-json\/wp\/v2\/tags?post=29660"}],"curies":[{"name":"wp","href":"https:\/\/api.w.org\/{rel}","templated":true}]}}