{"id":29654,"date":"2025-10-04T08:07:00","date_gmt":"2025-10-04T11:07:00","guid":{"rendered":"https:\/\/www.saloanoticias.com\/v1\/?p=29654"},"modified":"2025-10-04T15:18:29","modified_gmt":"2025-10-04T18:18:29","slug":"pastor-elizeu-araujo-celebra-aniversario-neste-sabado-4-em-saloa","status":"publish","type":"post","link":"https:\/\/www.saloanoticias.com\/v1\/pastor-elizeu-araujo-celebra-aniversario-neste-sabado-4-em-saloa\/","title":{"rendered":"Pastor Elizeu Ara\u00fajo celebra anivers\u00e1rio neste s\u00e1bado (4) em Salo\u00e1"},"content":{"rendered":"\n<p>Neste s\u00e1bado, dia 4 de outubro, a 1\u00aa Igreja Batista de Salo\u00e1 estar\u00e1 em festa para celebrar o anivers\u00e1rio do seu pastor, Elizeu Ara\u00fajo. A data marca mais um ano de vida dedicado \u00e0 obra de Deus e ao servi\u00e7o \u00e0 comunidade evang\u00e9lica do munic\u00edpio.<\/p>\n\n\n\n<p>Reconhecido pelo trabalho pastoral, pelo carinho com que conduz a igreja e pelo compromisso com a Palavra, o pastor Elizeu tem sido uma lideran\u00e7a espiritual importante em Salo\u00e1. Ao longo de sua trajet\u00f3ria, ele vem fortalecendo a f\u00e9, apoiando fam\u00edlias e incentivando a\u00e7\u00f5es voltadas para a espiritualidade e a uni\u00e3o dos membros.<\/p>\n\n\n\n<p>A comunidade evang\u00e9lica local destaca o anivers\u00e1rio como uma oportunidade de reconhecer e homenagear o pastor Elizeu Ara\u00fajo pelo seu trabalho e dedica\u00e7\u00e3o \u00e0 1\u00aa Igreja Batista de Salo\u00e1.<\/p>\n<div style=\"margin-top: 0px; margin-bottom: 0px;\" class=\"sharethis-inline-share-buttons\" ><\/div>","protected":false},"excerpt":{"rendered":"<p>Neste s\u00e1bado, dia 4 de outubro, a 1\u00aa Igreja Batista de Salo\u00e1 estar\u00e1 em festa para celebrar o anivers\u00e1rio do seu pastor, Elizeu Ara\u00fajo. A data marca mais um ano de vida dedicado \u00e0 obra de Deus e ao servi\u00e7o \u00e0 comunidade evang\u00e9lica do munic\u00edpio. Reconhecido pelo trabalho pastoral, pelo carinho com que conduz a [&hellip;]<\/p>\n","protected":false},"author":1,"featured_media":29656,"comment_status":"closed","ping_status":"closed","sticky":false,"template":"","format":"standard","meta":{"footnotes":""},"categories":[2],"tags":[22],"class_list":["post-29654","post","type-post","status-publish","format-standard","has-post-thumbnail","hentry","category-noticias-do-dia","tag-destaques"],"_links":{"self":[{"href":"https:\/\/www.saloanoticias.com\/v1\/wp-json\/wp\/v2\/posts\/29654","targetHints":{"allow":["GET"]}}],"collection":[{"href":"https:\/\/www.saloanoticias.com\/v1\/wp-json\/wp\/v2\/posts"}],"about":[{"href":"https:\/\/www.saloanoticias.com\/v1\/wp-json\/wp\/v2\/types\/post"}],"author":[{"embeddable":true,"href":"https:\/\/www.saloanoticias.com\/v1\/wp-json\/wp\/v2\/users\/1"}],"replies":[{"embeddable":true,"href":"https:\/\/www.saloanoticias.com\/v1\/wp-json\/wp\/v2\/comments?post=29654"}],"version-history":[{"count":1,"href":"https:\/\/www.saloanoticias.com\/v1\/wp-json\/wp\/v2\/posts\/29654\/revisions"}],"predecessor-version":[{"id":29655,"href":"https:\/\/www.saloanoticias.com\/v1\/wp-json\/wp\/v2\/posts\/29654\/revisions\/29655"}],"wp:featuredmedia":[{"embeddable":true,"href":"https:\/\/www.saloanoticias.com\/v1\/wp-json\/wp\/v2\/media\/29656"}],"wp:attachment":[{"href":"https:\/\/www.saloanoticias.com\/v1\/wp-json\/wp\/v2\/media?parent=29654"}],"wp:term":[{"taxonomy":"category","embeddable":true,"href":"https:\/\/www.saloanoticias.com\/v1\/wp-json\/wp\/v2\/categories?post=29654"},{"taxonomy":"post_tag","embeddable":true,"href":"https:\/\/www.saloanoticias.com\/v1\/wp-json\/wp\/v2\/tags?post=29654"}],"curies":[{"name":"wp","href":"https:\/\/api.w.org\/{rel}","templated":true}]}}