{"id":29646,"date":"2025-10-04T13:01:45","date_gmt":"2025-10-04T16:01:45","guid":{"rendered":"https:\/\/www.saloanoticias.com\/v1\/?p=29646"},"modified":"2025-10-04T13:09:04","modified_gmt":"2025-10-04T16:09:04","slug":"secretaria-de-agricultura-e-sebrae-promovem-curso-de-ordem-no-sitio-riachao","status":"publish","type":"post","link":"https:\/\/www.saloanoticias.com\/v1\/secretaria-de-agricultura-e-sebrae-promovem-curso-de-ordem-no-sitio-riachao\/","title":{"rendered":"Secretaria de Agricultura e SEBRAE promovem curso de ordenha no s\u00edtio Riach\u00e3o"},"content":{"rendered":"\n<p>No dia <em>24 de Outubro<\/em> de 2025, \u00e0s <em>9h<\/em> da manh\u00e3, no <em>S\u00edtio Riach\u00e3o<\/em>, na propriedade de Ailson Bagaceira, acontecer\u00e1 o encontro <em>&#8220;Boas Pr\u00e1ticas no Manejo de Ordenha&#8221;<\/em>, um momento dedicado a fortalecer a qualidade da produ\u00e7\u00e3o leiteira e aprimorar o manejo na sua propriedade.<\/p>\n\n\n\n<p>Essa a\u00e7\u00e3o \u00e9 fruto da <em>parceria<\/em> entre o <em>Sebrae\/PE<\/em> e a <em>Prefeitura Municipal de Salo\u00e1\/PE<\/em>, atrav\u00e9s da Secretaria de Agricultura, unindo for\u00e7as para impulsionar o desenvolvimento da bovinocultura de leite na regi\u00e3o.<\/p>\n\n\n\n<p>\ud83d\udcc6 <em>Data<\/em>: 24\/10\/2025<br>\ud83d\udccd <em>Local<\/em>: S\u00edtio Riach\u00e3o \u2013 Propriedade de Ailson<br>\ud83d\udd58 <em>Hor\u00e1rio<\/em>: 9h da manh\u00e3<\/p>\n\n\n\n<p>Participe e leve mais efici\u00eancia para sua produ\u00e7\u00e3o!<\/p>\n\n\n<div class=\"wp-block-image\">\n<figure class=\"aligncenter size-large\"><img loading=\"lazy\" decoding=\"async\" width=\"605\" height=\"1024\" src=\"https:\/\/www.saloanoticias.com\/v1\/wp-content\/uploads\/2025\/10\/3a21ecb7-affe-4dc7-971c-60b54c17d132-605x1024.jpeg\" alt=\"\" class=\"wp-image-29647\" srcset=\"https:\/\/www.saloanoticias.com\/v1\/wp-content\/uploads\/2025\/10\/3a21ecb7-affe-4dc7-971c-60b54c17d132-605x1024.jpeg 605w, https:\/\/www.saloanoticias.com\/v1\/wp-content\/uploads\/2025\/10\/3a21ecb7-affe-4dc7-971c-60b54c17d132-177x300.jpeg 177w, https:\/\/www.saloanoticias.com\/v1\/wp-content\/uploads\/2025\/10\/3a21ecb7-affe-4dc7-971c-60b54c17d132-768x1299.jpeg 768w, https:\/\/www.saloanoticias.com\/v1\/wp-content\/uploads\/2025\/10\/3a21ecb7-affe-4dc7-971c-60b54c17d132.jpeg 884w\" sizes=\"auto, (max-width: 605px) 100vw, 605px\" \/><\/figure>\n<\/div><div style=\"margin-top: 0px; margin-bottom: 0px;\" class=\"sharethis-inline-share-buttons\" ><\/div>","protected":false},"excerpt":{"rendered":"<p>No dia 24 de Outubro de 2025, \u00e0s 9h da manh\u00e3, no S\u00edtio Riach\u00e3o, na propriedade de Ailson Bagaceira, acontecer\u00e1 o encontro &#8220;Boas Pr\u00e1ticas no Manejo de Ordenha&#8221;, um momento dedicado a fortalecer a qualidade da produ\u00e7\u00e3o leiteira e aprimorar o manejo na sua propriedade. Essa a\u00e7\u00e3o \u00e9 fruto da parceria entre o Sebrae\/PE e [&hellip;]<\/p>\n","protected":false},"author":1,"featured_media":29650,"comment_status":"closed","ping_status":"closed","sticky":false,"template":"","format":"standard","meta":{"footnotes":""},"categories":[21],"tags":[22],"class_list":["post-29646","post","type-post","status-publish","format-standard","has-post-thumbnail","hentry","category-cidade","tag-destaques"],"_links":{"self":[{"href":"https:\/\/www.saloanoticias.com\/v1\/wp-json\/wp\/v2\/posts\/29646","targetHints":{"allow":["GET"]}}],"collection":[{"href":"https:\/\/www.saloanoticias.com\/v1\/wp-json\/wp\/v2\/posts"}],"about":[{"href":"https:\/\/www.saloanoticias.com\/v1\/wp-json\/wp\/v2\/types\/post"}],"author":[{"embeddable":true,"href":"https:\/\/www.saloanoticias.com\/v1\/wp-json\/wp\/v2\/users\/1"}],"replies":[{"embeddable":true,"href":"https:\/\/www.saloanoticias.com\/v1\/wp-json\/wp\/v2\/comments?post=29646"}],"version-history":[{"count":3,"href":"https:\/\/www.saloanoticias.com\/v1\/wp-json\/wp\/v2\/posts\/29646\/revisions"}],"predecessor-version":[{"id":29653,"href":"https:\/\/www.saloanoticias.com\/v1\/wp-json\/wp\/v2\/posts\/29646\/revisions\/29653"}],"wp:featuredmedia":[{"embeddable":true,"href":"https:\/\/www.saloanoticias.com\/v1\/wp-json\/wp\/v2\/media\/29650"}],"wp:attachment":[{"href":"https:\/\/www.saloanoticias.com\/v1\/wp-json\/wp\/v2\/media?parent=29646"}],"wp:term":[{"taxonomy":"category","embeddable":true,"href":"https:\/\/www.saloanoticias.com\/v1\/wp-json\/wp\/v2\/categories?post=29646"},{"taxonomy":"post_tag","embeddable":true,"href":"https:\/\/www.saloanoticias.com\/v1\/wp-json\/wp\/v2\/tags?post=29646"}],"curies":[{"name":"wp","href":"https:\/\/api.w.org\/{rel}","templated":true}]}}