{"id":29629,"date":"2025-10-03T11:54:44","date_gmt":"2025-10-03T14:54:44","guid":{"rendered":"https:\/\/www.saloanoticias.com\/v1\/?p=29629"},"modified":"2025-10-03T12:09:46","modified_gmt":"2025-10-03T15:09:46","slug":"estradas-da-prata-serrinha-e-catimbau-receberao-terraplanagem-atraves-de-uma-parceria-entre-prefeitura-e-governo-do-estado","status":"publish","type":"post","link":"https:\/\/www.saloanoticias.com\/v1\/estradas-da-prata-serrinha-e-catimbau-receberao-terraplanagem-atraves-de-uma-parceria-entre-prefeitura-e-governo-do-estado\/","title":{"rendered":"Estradas da Prata, Serrinha e Catimbau receber\u00e3o terraplanagem atrav\u00e9s de uma parceria entre Prefeitura e governo do Estado"},"content":{"rendered":"\n<p>A Prefeitura de Salo\u00e1 recebeu, na \u00faltima semana, a visita da equipe da Companhia Estadual de Habita\u00e7\u00e3o e Obras \u2013 CEHAB-PE, vinculada ao Governo do Estado. A a\u00e7\u00e3o marca o in\u00edcio de uma importante parceria entre o Governo Municipal e o Governo Estadual para a recupera\u00e7\u00e3o e o recapeamento de estradas em v\u00e1rias comunidades do munic\u00edpio.<\/p>\n\n\n<div class=\"wp-block-image\">\n<figure class=\"aligncenter size-full\"><img loading=\"lazy\" decoding=\"async\" width=\"960\" height=\"923\" src=\"https:\/\/www.saloanoticias.com\/v1\/wp-content\/uploads\/2025\/10\/IMG_8735.jpeg\" alt=\"\" class=\"wp-image-29638\" srcset=\"https:\/\/www.saloanoticias.com\/v1\/wp-content\/uploads\/2025\/10\/IMG_8735.jpeg 960w, https:\/\/www.saloanoticias.com\/v1\/wp-content\/uploads\/2025\/10\/IMG_8735-300x288.jpeg 300w, https:\/\/www.saloanoticias.com\/v1\/wp-content\/uploads\/2025\/10\/IMG_8735-768x738.jpeg 768w\" sizes=\"auto, (max-width: 960px) 100vw, 960px\" \/><\/figure>\n<\/div>\n\n<div class=\"wp-block-image\">\n<figure class=\"aligncenter size-large\"><img loading=\"lazy\" decoding=\"async\" width=\"768\" height=\"1024\" src=\"https:\/\/www.saloanoticias.com\/v1\/wp-content\/uploads\/2025\/10\/ec1b6c73-2ebd-4adc-af6b-b3ba9c09715d-768x1024.jpeg\" alt=\"\" class=\"wp-image-29632\" srcset=\"https:\/\/www.saloanoticias.com\/v1\/wp-content\/uploads\/2025\/10\/ec1b6c73-2ebd-4adc-af6b-b3ba9c09715d-768x1024.jpeg 768w, https:\/\/www.saloanoticias.com\/v1\/wp-content\/uploads\/2025\/10\/ec1b6c73-2ebd-4adc-af6b-b3ba9c09715d-225x300.jpeg 225w, https:\/\/www.saloanoticias.com\/v1\/wp-content\/uploads\/2025\/10\/ec1b6c73-2ebd-4adc-af6b-b3ba9c09715d.jpeg 960w\" sizes=\"auto, (max-width: 768px) 100vw, 768px\" \/><\/figure>\n<\/div>\n\n\n<p>Entre as localidades beneficiadas est\u00e3o os s\u00edtios Catimbau e Camaratuba, al\u00e9m das comunidades da Serrinha da Prata, Iateca e outras regi\u00f5es rurais. De acordo com a gest\u00e3o municipal, os servi\u00e7os t\u00eam como objetivo oferecer melhores condi\u00e7\u00f5es de mobilidade para os moradores, facilitar o transporte escolar, garantir mais seguran\u00e7a no tr\u00e1fego e fortalecer a agricultura familiar, j\u00e1 que a recupera\u00e7\u00e3o das estradas contribui diretamente para o escoamento da produ\u00e7\u00e3o agr\u00edcola.<\/p>\n\n\n<div class=\"wp-block-image\">\n<figure class=\"aligncenter size-large\"><img loading=\"lazy\" decoding=\"async\" width=\"1024\" height=\"576\" src=\"https:\/\/www.saloanoticias.com\/v1\/wp-content\/uploads\/2025\/10\/fd8d80a8-dc54-458d-bce9-8564ed73088e-1024x576.jpeg\" alt=\"\" class=\"wp-image-29633\" srcset=\"https:\/\/www.saloanoticias.com\/v1\/wp-content\/uploads\/2025\/10\/fd8d80a8-dc54-458d-bce9-8564ed73088e-1024x576.jpeg 1024w, https:\/\/www.saloanoticias.com\/v1\/wp-content\/uploads\/2025\/10\/fd8d80a8-dc54-458d-bce9-8564ed73088e-300x169.jpeg 300w, https:\/\/www.saloanoticias.com\/v1\/wp-content\/uploads\/2025\/10\/fd8d80a8-dc54-458d-bce9-8564ed73088e-768x432.jpeg 768w, https:\/\/www.saloanoticias.com\/v1\/wp-content\/uploads\/2025\/10\/fd8d80a8-dc54-458d-bce9-8564ed73088e.jpeg 1280w\" sizes=\"auto, (max-width: 1024px) 100vw, 1024px\" \/><\/figure>\n<\/div>\n\n\n<p>A Prefeitura de Salo\u00e1 refor\u00e7a seu compromisso de continuar trabalhando em parceria com o Governo do Estado para levar mais desenvolvimento, infraestrutura e qualidade de vida \u00e0 popula\u00e7\u00e3o. Procurado pela reda\u00e7\u00e3o do nosso Blog, o prefeito J\u00fanior de Rivaldo (PSD), se disse pronto para firmar mais parcerias com o Governo do Estado e trazer mais melhorias para o munic\u00edpio. A visita t\u00e9cnica foi acompanhada por secret\u00e1rios e vereadores.<\/p>\n<div style=\"margin-top: 0px; margin-bottom: 0px;\" class=\"sharethis-inline-share-buttons\" ><\/div>","protected":false},"excerpt":{"rendered":"<p>A Prefeitura de Salo\u00e1 recebeu, na \u00faltima semana, a visita da equipe da Companhia Estadual de Habita\u00e7\u00e3o e Obras \u2013 CEHAB-PE, vinculada ao Governo do Estado. A a\u00e7\u00e3o marca o in\u00edcio de uma importante parceria entre o Governo Municipal e o Governo Estadual para a recupera\u00e7\u00e3o e o recapeamento de estradas em v\u00e1rias comunidades do [&hellip;]<\/p>\n","protected":false},"author":1,"featured_media":29631,"comment_status":"closed","ping_status":"closed","sticky":false,"template":"","format":"standard","meta":{"footnotes":""},"categories":[21],"tags":[22],"class_list":["post-29629","post","type-post","status-publish","format-standard","has-post-thumbnail","hentry","category-cidade","tag-destaques"],"_links":{"self":[{"href":"https:\/\/www.saloanoticias.com\/v1\/wp-json\/wp\/v2\/posts\/29629","targetHints":{"allow":["GET"]}}],"collection":[{"href":"https:\/\/www.saloanoticias.com\/v1\/wp-json\/wp\/v2\/posts"}],"about":[{"href":"https:\/\/www.saloanoticias.com\/v1\/wp-json\/wp\/v2\/types\/post"}],"author":[{"embeddable":true,"href":"https:\/\/www.saloanoticias.com\/v1\/wp-json\/wp\/v2\/users\/1"}],"replies":[{"embeddable":true,"href":"https:\/\/www.saloanoticias.com\/v1\/wp-json\/wp\/v2\/comments?post=29629"}],"version-history":[{"count":8,"href":"https:\/\/www.saloanoticias.com\/v1\/wp-json\/wp\/v2\/posts\/29629\/revisions"}],"predecessor-version":[{"id":29645,"href":"https:\/\/www.saloanoticias.com\/v1\/wp-json\/wp\/v2\/posts\/29629\/revisions\/29645"}],"wp:featuredmedia":[{"embeddable":true,"href":"https:\/\/www.saloanoticias.com\/v1\/wp-json\/wp\/v2\/media\/29631"}],"wp:attachment":[{"href":"https:\/\/www.saloanoticias.com\/v1\/wp-json\/wp\/v2\/media?parent=29629"}],"wp:term":[{"taxonomy":"category","embeddable":true,"href":"https:\/\/www.saloanoticias.com\/v1\/wp-json\/wp\/v2\/categories?post=29629"},{"taxonomy":"post_tag","embeddable":true,"href":"https:\/\/www.saloanoticias.com\/v1\/wp-json\/wp\/v2\/tags?post=29629"}],"curies":[{"name":"wp","href":"https:\/\/api.w.org\/{rel}","templated":true}]}}