{"id":29624,"date":"2025-10-01T23:08:27","date_gmt":"2025-10-02T02:08:27","guid":{"rendered":"https:\/\/www.saloanoticias.com\/v1\/?p=29624"},"modified":"2025-10-01T23:09:21","modified_gmt":"2025-10-02T02:09:21","slug":"crianca-de-12-anos-e-vitima-de-coice-de-cavalo-e-e-transferida-para-o-hospital-da-restauracao","status":"publish","type":"post","link":"https:\/\/www.saloanoticias.com\/v1\/crianca-de-12-anos-e-vitima-de-coice-de-cavalo-e-e-transferida-para-o-hospital-da-restauracao\/","title":{"rendered":"Crian\u00e7a de 12 anos \u00e9 v\u00edtima de coice de cavalo e \u00e9 transferida para o Hospital da Restaura\u00e7\u00e3o"},"content":{"rendered":"\n<p>Uma crian\u00e7a de 12 anos de idade foi v\u00edtima de um acidente envolvendo um cavalo nesta quarta-feira (1\u00ba). Segundo informa\u00e7\u00f5es, o menor seguia em uma carro\u00e7a quando recebeu um coice do animal.<\/p>\n\n\n\n<p>Com o impacto, a crian\u00e7a apresentou suspeita de trauma no t\u00f3rax e recebeu os primeiros atendimentos na unidade de sa\u00fade Josina Godoy. Devido \u00e0 gravidade do caso, foi transferida para o Hospital da Restaura\u00e7\u00e3o, no Recife, refer\u00eancia em atendimentos de alta complexidade.<\/p>\n\n\n\n<p>At\u00e9 o momento, n\u00e3o foram divulgadas atualiza\u00e7\u00f5es sobre o estado de sa\u00fade do menor. O epis\u00f3dio causou como\u00e7\u00e3o entre familiares e preocupa\u00e7\u00e3o na comunidade.<\/p>\n<div style=\"margin-top: 0px; margin-bottom: 0px;\" class=\"sharethis-inline-share-buttons\" ><\/div>","protected":false},"excerpt":{"rendered":"<p>Uma crian\u00e7a de 12 anos de idade foi v\u00edtima de um acidente envolvendo um cavalo nesta quarta-feira (1\u00ba). Segundo informa\u00e7\u00f5es, o menor seguia em uma carro\u00e7a quando recebeu um coice do animal. Com o impacto, a crian\u00e7a apresentou suspeita de trauma no t\u00f3rax e recebeu os primeiros atendimentos na unidade de sa\u00fade Josina Godoy. Devido [&hellip;]<\/p>\n","protected":false},"author":1,"featured_media":29151,"comment_status":"closed","ping_status":"closed","sticky":false,"template":"","format":"standard","meta":{"footnotes":""},"categories":[2],"tags":[22],"class_list":["post-29624","post","type-post","status-publish","format-standard","has-post-thumbnail","hentry","category-noticias-do-dia","tag-destaques"],"_links":{"self":[{"href":"https:\/\/www.saloanoticias.com\/v1\/wp-json\/wp\/v2\/posts\/29624","targetHints":{"allow":["GET"]}}],"collection":[{"href":"https:\/\/www.saloanoticias.com\/v1\/wp-json\/wp\/v2\/posts"}],"about":[{"href":"https:\/\/www.saloanoticias.com\/v1\/wp-json\/wp\/v2\/types\/post"}],"author":[{"embeddable":true,"href":"https:\/\/www.saloanoticias.com\/v1\/wp-json\/wp\/v2\/users\/1"}],"replies":[{"embeddable":true,"href":"https:\/\/www.saloanoticias.com\/v1\/wp-json\/wp\/v2\/comments?post=29624"}],"version-history":[{"count":1,"href":"https:\/\/www.saloanoticias.com\/v1\/wp-json\/wp\/v2\/posts\/29624\/revisions"}],"predecessor-version":[{"id":29625,"href":"https:\/\/www.saloanoticias.com\/v1\/wp-json\/wp\/v2\/posts\/29624\/revisions\/29625"}],"wp:featuredmedia":[{"embeddable":true,"href":"https:\/\/www.saloanoticias.com\/v1\/wp-json\/wp\/v2\/media\/29151"}],"wp:attachment":[{"href":"https:\/\/www.saloanoticias.com\/v1\/wp-json\/wp\/v2\/media?parent=29624"}],"wp:term":[{"taxonomy":"category","embeddable":true,"href":"https:\/\/www.saloanoticias.com\/v1\/wp-json\/wp\/v2\/categories?post=29624"},{"taxonomy":"post_tag","embeddable":true,"href":"https:\/\/www.saloanoticias.com\/v1\/wp-json\/wp\/v2\/tags?post=29624"}],"curies":[{"name":"wp","href":"https:\/\/api.w.org\/{rel}","templated":true}]}}