{"id":29617,"date":"2025-10-01T10:15:00","date_gmt":"2025-10-01T13:15:00","guid":{"rendered":"https:\/\/www.saloanoticias.com\/v1\/?p=29617"},"modified":"2025-10-01T10:17:30","modified_gmt":"2025-10-01T13:17:30","slug":"1a-igreja-batista-de-saloa-promove-grande-acao-social-com-atendimentos-gratuitos-e-doacoes","status":"publish","type":"post","link":"https:\/\/www.saloanoticias.com\/v1\/1a-igreja-batista-de-saloa-promove-grande-acao-social-com-atendimentos-gratuitos-e-doacoes\/","title":{"rendered":"1\u00aa Igreja Batista de Salo\u00e1 promove grande a\u00e7\u00e3o social com atendimentos gratuitos e doa\u00e7\u00f5es"},"content":{"rendered":"\n<p>A Primeira Igreja Batista de Salo\u00e1 realizou, no \u00faltimo s\u00e1bado (27), uma ampla a\u00e7\u00e3o social voltada para a comunidade local, oferecendo servi\u00e7os gratuitos e momentos de confraterniza\u00e7\u00e3o. Durante a manh\u00e3, a popula\u00e7\u00e3o contou com atendimentos de sa\u00fade, como verifica\u00e7\u00e3o da press\u00e3o arterial e testes de glicose, al\u00e9m de servi\u00e7os de utilidade pr\u00e1tica, como cortes de cabelo masculinos e femininos.<\/p>\n\n\n<div class=\"wp-block-image\">\n<figure class=\"aligncenter size-large\"><img loading=\"lazy\" decoding=\"async\" width=\"576\" height=\"1024\" src=\"https:\/\/www.saloanoticias.com\/v1\/wp-content\/uploads\/2025\/10\/cea64e52-32c1-4960-b4c6-8446470a87bc-576x1024.jpeg\" alt=\"\" class=\"wp-image-29621\" srcset=\"https:\/\/www.saloanoticias.com\/v1\/wp-content\/uploads\/2025\/10\/cea64e52-32c1-4960-b4c6-8446470a87bc-576x1024.jpeg 576w, https:\/\/www.saloanoticias.com\/v1\/wp-content\/uploads\/2025\/10\/cea64e52-32c1-4960-b4c6-8446470a87bc-169x300.jpeg 169w, https:\/\/www.saloanoticias.com\/v1\/wp-content\/uploads\/2025\/10\/cea64e52-32c1-4960-b4c6-8446470a87bc-768x1366.jpeg 768w, https:\/\/www.saloanoticias.com\/v1\/wp-content\/uploads\/2025\/10\/cea64e52-32c1-4960-b4c6-8446470a87bc-864x1536.jpeg 864w, https:\/\/www.saloanoticias.com\/v1\/wp-content\/uploads\/2025\/10\/cea64e52-32c1-4960-b4c6-8446470a87bc.jpeg 899w\" sizes=\"auto, (max-width: 576px) 100vw, 576px\" \/><\/figure>\n<\/div>\n\n\n<p>Tamb\u00e9m foi realizado um bazar solid\u00e1rio, que atraiu muitas fam\u00edlias em busca de roupas e acess\u00f3rios a pre\u00e7os simb\u00f3licos. \u00c0 tarde, a programa\u00e7\u00e3o foi dedicada \u00e0s crian\u00e7as, com atividades educativas e a entrega de lancheiras, proporcionando momentos de aprendizado e lazer.<\/p>\n\n\n\n<p>Encerrando o dia, a Igreja promoveu um grande culto de gratid\u00e3o, marcado pela f\u00e9 e pela solidariedade, quando foram entregues 150 cestas b\u00e1sicas \u00e0s fam\u00edlias em situa\u00e7\u00e3o de vulnerabilidade social. A iniciativa refor\u00e7a o compromisso da Primeira Igreja Batista de Salo\u00e1, sob a dire\u00e7\u00e3o do Pastor Elizeu, em atuar n\u00e3o apenas no campo espiritual, mas tamb\u00e9m no cuidado social, contribuindo para a melhoria da qualidade de vida da comunidade.<\/p>\n\n\n<div class=\"wp-block-image\">\n<figure class=\"aligncenter size-large\"><img loading=\"lazy\" decoding=\"async\" width=\"576\" height=\"1024\" src=\"https:\/\/www.saloanoticias.com\/v1\/wp-content\/uploads\/2025\/10\/6a219108-67c0-4ea9-8dda-395b8af1c401-576x1024.jpeg\" alt=\"\" class=\"wp-image-29622\" srcset=\"https:\/\/www.saloanoticias.com\/v1\/wp-content\/uploads\/2025\/10\/6a219108-67c0-4ea9-8dda-395b8af1c401-576x1024.jpeg 576w, https:\/\/www.saloanoticias.com\/v1\/wp-content\/uploads\/2025\/10\/6a219108-67c0-4ea9-8dda-395b8af1c401-169x300.jpeg 169w, https:\/\/www.saloanoticias.com\/v1\/wp-content\/uploads\/2025\/10\/6a219108-67c0-4ea9-8dda-395b8af1c401-768x1366.jpeg 768w, https:\/\/www.saloanoticias.com\/v1\/wp-content\/uploads\/2025\/10\/6a219108-67c0-4ea9-8dda-395b8af1c401-864x1536.jpeg 864w, https:\/\/www.saloanoticias.com\/v1\/wp-content\/uploads\/2025\/10\/6a219108-67c0-4ea9-8dda-395b8af1c401.jpeg 899w\" sizes=\"auto, (max-width: 576px) 100vw, 576px\" \/><\/figure>\n<\/div><div style=\"margin-top: 0px; margin-bottom: 0px;\" class=\"sharethis-inline-share-buttons\" ><\/div>","protected":false},"excerpt":{"rendered":"<p>A Primeira Igreja Batista de Salo\u00e1 realizou, no \u00faltimo s\u00e1bado (27), uma ampla a\u00e7\u00e3o social voltada para a comunidade local, oferecendo servi\u00e7os gratuitos e momentos de confraterniza\u00e7\u00e3o. Durante a manh\u00e3, a popula\u00e7\u00e3o contou com atendimentos de sa\u00fade, como verifica\u00e7\u00e3o da press\u00e3o arterial e testes de glicose, al\u00e9m de servi\u00e7os de utilidade pr\u00e1tica, como cortes de [&hellip;]<\/p>\n","protected":false},"author":1,"featured_media":29619,"comment_status":"closed","ping_status":"closed","sticky":false,"template":"","format":"standard","meta":{"footnotes":""},"categories":[16],"tags":[22],"class_list":["post-29617","post","type-post","status-publish","format-standard","has-post-thumbnail","hentry","category-religiao","tag-destaques"],"_links":{"self":[{"href":"https:\/\/www.saloanoticias.com\/v1\/wp-json\/wp\/v2\/posts\/29617","targetHints":{"allow":["GET"]}}],"collection":[{"href":"https:\/\/www.saloanoticias.com\/v1\/wp-json\/wp\/v2\/posts"}],"about":[{"href":"https:\/\/www.saloanoticias.com\/v1\/wp-json\/wp\/v2\/types\/post"}],"author":[{"embeddable":true,"href":"https:\/\/www.saloanoticias.com\/v1\/wp-json\/wp\/v2\/users\/1"}],"replies":[{"embeddable":true,"href":"https:\/\/www.saloanoticias.com\/v1\/wp-json\/wp\/v2\/comments?post=29617"}],"version-history":[{"count":2,"href":"https:\/\/www.saloanoticias.com\/v1\/wp-json\/wp\/v2\/posts\/29617\/revisions"}],"predecessor-version":[{"id":29623,"href":"https:\/\/www.saloanoticias.com\/v1\/wp-json\/wp\/v2\/posts\/29617\/revisions\/29623"}],"wp:featuredmedia":[{"embeddable":true,"href":"https:\/\/www.saloanoticias.com\/v1\/wp-json\/wp\/v2\/media\/29619"}],"wp:attachment":[{"href":"https:\/\/www.saloanoticias.com\/v1\/wp-json\/wp\/v2\/media?parent=29617"}],"wp:term":[{"taxonomy":"category","embeddable":true,"href":"https:\/\/www.saloanoticias.com\/v1\/wp-json\/wp\/v2\/categories?post=29617"},{"taxonomy":"post_tag","embeddable":true,"href":"https:\/\/www.saloanoticias.com\/v1\/wp-json\/wp\/v2\/tags?post=29617"}],"curies":[{"name":"wp","href":"https:\/\/api.w.org\/{rel}","templated":true}]}}