{"id":2958,"date":"2016-10-19T20:00:00","date_gmt":"2016-10-19T20:00:00","guid":{"rendered":"https:\/\/saloanoticias.mrmediaweb.com\/v1\/2016\/10\/19\/sergio-moro-decreta-a-prisao-preventiva-de-cunha\/"},"modified":"2016-10-19T20:00:00","modified_gmt":"2016-10-19T20:00:00","slug":"sergio-moro-decreta-a-prisao-preventiva-de-cunha","status":"publish","type":"post","link":"https:\/\/www.saloanoticias.com\/v1\/sergio-moro-decreta-a-prisao-preventiva-de-cunha\/","title":{"rendered":"\u201cJUIZ S\u00c9RGIO MORO\u201d DECRETOU A PRIS\u00c3O PREVENTIVA DE EDUARDO CUNHA"},"content":{"rendered":"<p align=\"justify\"><font size=\"3\" face=\"Arial\"><a href=\"http:\/\/www.saloanoticias.com\/images\/cunha_28029b18b34c48cdb6451e13c0ad5c05.jpg\"><img loading=\"lazy\" decoding=\"async\" title=\"Cunha\" style=\"border-top: 0px; border-right: 0px; background-image: none; border-bottom: 0px; float: left; padding-top: 0px; padding-left: 0px; margin: 5px 5px 0px 0px; border-left: 0px; display: inline; padding-right: 0px\" border=\"0\" alt=\"Cunha\" src=\"http:\/\/www.saloanoticias.com\/v1\/wp-content\/uploads\/imagens\/cunha_thumb_9699f7b3c8cbb9ff5d046b7c7b33c3f1.jpg\" width=\"320\" align=\"left\" height=\"200\"><\/a>O juiz federal S\u00e9rgio Moro, respons\u00e1vel pela Opera\u00e7\u00e3o Lava Jato na primeira inst\u00e2ncia da Justi\u00e7a, determinou, hoje, a pris\u00e3o do ex-presidente da C\u00e2mara e deputado cassado Eduardo Cunha (PMDB-RJ). O pedido \u00e9 de previs\u00e3o preventiva, ou seja, por tempo indeterminado. <\/font><font size=\"3\" face=\"Arial\">Ele foi preso em Bras\u00edlia nesta quarta (19), segundo a Globo News. <\/font><font size=\"3\" face=\"Arial\">O peemedebista perdeu o mandato de deputado federal em setembro, ap\u00f3s ser cassado pelo plen\u00e1rio da C\u00e2mara. Com isso, ele perdeu o foro privilegiado, que \u00e9 o direito de ser processado e julgado no Supremo Tribunal Federal (STF). <strong><font size=\"2\">Com informa\u00e7\u00f5es do G1.com e Blog do Magno<\/font><\/strong><\/font><\/p>\n<div style=\"margin-top: 0px; margin-bottom: 0px;\" class=\"sharethis-inline-share-buttons\" ><\/div>","protected":false},"excerpt":{"rendered":"<p>O juiz federal S\u00e9rgio Moro, respons\u00e1vel pela Opera\u00e7\u00e3o Lava Jato na primeira inst\u00e2ncia da Justi\u00e7a, determinou, hoje, a pris\u00e3o do ex-presidente da C\u00e2mara e deputado cassado Eduardo Cunha (PMDB-RJ). O pedido \u00e9 de previs\u00e3o preventiva, ou seja, por tempo indeterminado. Ele foi preso em Bras\u00edlia nesta quarta (19), segundo a Globo News. O peemedebista perdeu [&hellip;]<\/p>\n","protected":false},"author":1,"featured_media":0,"comment_status":"open","ping_status":"open","sticky":false,"template":"","format":"standard","meta":{"footnotes":""},"categories":[2],"tags":[],"class_list":["post-2958","post","type-post","status-publish","format-standard","hentry","category-noticias-do-dia"],"_links":{"self":[{"href":"https:\/\/www.saloanoticias.com\/v1\/wp-json\/wp\/v2\/posts\/2958","targetHints":{"allow":["GET"]}}],"collection":[{"href":"https:\/\/www.saloanoticias.com\/v1\/wp-json\/wp\/v2\/posts"}],"about":[{"href":"https:\/\/www.saloanoticias.com\/v1\/wp-json\/wp\/v2\/types\/post"}],"author":[{"embeddable":true,"href":"https:\/\/www.saloanoticias.com\/v1\/wp-json\/wp\/v2\/users\/1"}],"replies":[{"embeddable":true,"href":"https:\/\/www.saloanoticias.com\/v1\/wp-json\/wp\/v2\/comments?post=2958"}],"version-history":[{"count":0,"href":"https:\/\/www.saloanoticias.com\/v1\/wp-json\/wp\/v2\/posts\/2958\/revisions"}],"wp:attachment":[{"href":"https:\/\/www.saloanoticias.com\/v1\/wp-json\/wp\/v2\/media?parent=2958"}],"wp:term":[{"taxonomy":"category","embeddable":true,"href":"https:\/\/www.saloanoticias.com\/v1\/wp-json\/wp\/v2\/categories?post=2958"},{"taxonomy":"post_tag","embeddable":true,"href":"https:\/\/www.saloanoticias.com\/v1\/wp-json\/wp\/v2\/tags?post=2958"}],"curies":[{"name":"wp","href":"https:\/\/api.w.org\/{rel}","templated":true}]}}