{"id":29578,"date":"2025-09-29T08:13:18","date_gmt":"2025-09-29T11:13:18","guid":{"rendered":"https:\/\/www.saloanoticias.com\/v1\/?p=29578"},"modified":"2025-09-29T18:58:29","modified_gmt":"2025-09-29T21:58:29","slug":"pe-tiago-lopes-e-oficialmente-paroco-de-saloa","status":"publish","type":"post","link":"https:\/\/www.saloanoticias.com\/v1\/pe-tiago-lopes-e-oficialmente-paroco-de-saloa\/","title":{"rendered":"Pe. Thiago Fellipe \u00e9 oficialmente p\u00e1roco de Salo\u00e1"},"content":{"rendered":"\n<p>A Par\u00f3quia de S\u00e3o Vicente de Paulo, em Salo\u00e1, viveu um momento hist\u00f3rico no \u00faltimo s\u00e1bado (27), durante o encerramento da 94\u00aa Festa do seu padroeiro. Na ocasi\u00e3o, foi anunciada oficialmente a provis\u00e3o do Bispo Diocesano, Dom Agnaldo Tem\u00f3teo da Silveira, nomeando o Pe. Thiago Fellipe Lopes da Costa como p\u00e1roco da comunidade.<\/p>\n\n\n\n<p>A not\u00edcia foi recebida com grande alegria pelos paroquianos, que o acolheram calorosamente ap\u00f3s a leitura solene da provis\u00e3o episcopal durante a Santa Missa. O sacerdote, que j\u00e1 exercia a fun\u00e7\u00e3o de administrador paroquial h\u00e1 dois anos, passa agora a assumir de forma oficial a miss\u00e3o de p\u00e1roco pelo per\u00edodo de seis anos, com in\u00edcio em 27 de setembro de 2025.<\/p>\n\n\n\n<p>Pe. Thiago Fellipe continuar\u00e1 conduzindo os trabalhos pastorais, fortalecendo a f\u00e9 e a caminhada mission\u00e1ria da Par\u00f3quia de S\u00e3o Vicente de Paulo.<\/p>\n\n\n<div class=\"wp-block-image\">\n<figure class=\"aligncenter size-large\"><img loading=\"lazy\" decoding=\"async\" width=\"778\" height=\"1024\" src=\"https:\/\/www.saloanoticias.com\/v1\/wp-content\/uploads\/2025\/09\/bbb1c42b-a073-4d6a-b3ca-c38bd6cf2c99-778x1024.jpeg\" alt=\"\" class=\"wp-image-29588\" srcset=\"https:\/\/www.saloanoticias.com\/v1\/wp-content\/uploads\/2025\/09\/bbb1c42b-a073-4d6a-b3ca-c38bd6cf2c99-778x1024.jpeg 778w, https:\/\/www.saloanoticias.com\/v1\/wp-content\/uploads\/2025\/09\/bbb1c42b-a073-4d6a-b3ca-c38bd6cf2c99-228x300.jpeg 228w, https:\/\/www.saloanoticias.com\/v1\/wp-content\/uploads\/2025\/09\/bbb1c42b-a073-4d6a-b3ca-c38bd6cf2c99-768x1011.jpeg 768w, https:\/\/www.saloanoticias.com\/v1\/wp-content\/uploads\/2025\/09\/bbb1c42b-a073-4d6a-b3ca-c38bd6cf2c99-1167x1536.jpeg 1167w, https:\/\/www.saloanoticias.com\/v1\/wp-content\/uploads\/2025\/09\/bbb1c42b-a073-4d6a-b3ca-c38bd6cf2c99.jpeg 1216w\" sizes=\"auto, (max-width: 778px) 100vw, 778px\" \/><\/figure>\n<\/div><div style=\"margin-top: 0px; margin-bottom: 0px;\" class=\"sharethis-inline-share-buttons\" ><\/div>","protected":false},"excerpt":{"rendered":"<p>A Par\u00f3quia de S\u00e3o Vicente de Paulo, em Salo\u00e1, viveu um momento hist\u00f3rico no \u00faltimo s\u00e1bado (27), durante o encerramento da 94\u00aa Festa do seu padroeiro. Na ocasi\u00e3o, foi anunciada oficialmente a provis\u00e3o do Bispo Diocesano, Dom Agnaldo Tem\u00f3teo da Silveira, nomeando o Pe. Thiago Fellipe Lopes da Costa como p\u00e1roco da comunidade. A not\u00edcia [&hellip;]<\/p>\n","protected":false},"author":1,"featured_media":29581,"comment_status":"closed","ping_status":"closed","sticky":false,"template":"","format":"standard","meta":{"footnotes":""},"categories":[16],"tags":[22],"class_list":["post-29578","post","type-post","status-publish","format-standard","has-post-thumbnail","hentry","category-religiao","tag-destaques"],"_links":{"self":[{"href":"https:\/\/www.saloanoticias.com\/v1\/wp-json\/wp\/v2\/posts\/29578","targetHints":{"allow":["GET"]}}],"collection":[{"href":"https:\/\/www.saloanoticias.com\/v1\/wp-json\/wp\/v2\/posts"}],"about":[{"href":"https:\/\/www.saloanoticias.com\/v1\/wp-json\/wp\/v2\/types\/post"}],"author":[{"embeddable":true,"href":"https:\/\/www.saloanoticias.com\/v1\/wp-json\/wp\/v2\/users\/1"}],"replies":[{"embeddable":true,"href":"https:\/\/www.saloanoticias.com\/v1\/wp-json\/wp\/v2\/comments?post=29578"}],"version-history":[{"count":7,"href":"https:\/\/www.saloanoticias.com\/v1\/wp-json\/wp\/v2\/posts\/29578\/revisions"}],"predecessor-version":[{"id":29589,"href":"https:\/\/www.saloanoticias.com\/v1\/wp-json\/wp\/v2\/posts\/29578\/revisions\/29589"}],"wp:featuredmedia":[{"embeddable":true,"href":"https:\/\/www.saloanoticias.com\/v1\/wp-json\/wp\/v2\/media\/29581"}],"wp:attachment":[{"href":"https:\/\/www.saloanoticias.com\/v1\/wp-json\/wp\/v2\/media?parent=29578"}],"wp:term":[{"taxonomy":"category","embeddable":true,"href":"https:\/\/www.saloanoticias.com\/v1\/wp-json\/wp\/v2\/categories?post=29578"},{"taxonomy":"post_tag","embeddable":true,"href":"https:\/\/www.saloanoticias.com\/v1\/wp-json\/wp\/v2\/tags?post=29578"}],"curies":[{"name":"wp","href":"https:\/\/api.w.org\/{rel}","templated":true}]}}