{"id":29566,"date":"2025-09-27T23:11:14","date_gmt":"2025-09-28T02:11:14","guid":{"rendered":"https:\/\/www.saloanoticias.com\/v1\/?p=29566"},"modified":"2025-09-27T23:16:04","modified_gmt":"2025-09-28T02:16:04","slug":"nota-de-falecimento-dona-floriza-gomes","status":"publish","type":"post","link":"https:\/\/www.saloanoticias.com\/v1\/nota-de-falecimento-dona-floriza-gomes\/","title":{"rendered":"Nota de Falecimento: Dona Floriza Gomes"},"content":{"rendered":"\n<p>Os filhos: L\u00facia, Dinho, Marlos, Ana, Mariss\u00f4nia e Marcos, netos e bisnetos, comunicam o falecimento de Dona Floriza Gomes, esposa do Sr. Pedro de Jaime, ocorrido na tarde deste s\u00e1bado (27), no hospital do Perp\u00e9tuo Socorro em Garanhuns.<br><br>O vel\u00f3rio est\u00e1 sendo realizado na resid\u00eancia da fam\u00edlia que fica localizada na Rua Monsenhor Alfredo D\u00e2maso, antiga Rua de Garanhuns, de onde o f\u00e9retro sair\u00e1 na segunda-feira (29), \u00e0s 9h da manh\u00e3, para o cemit\u00e9rio Santa Quit\u00e9ria em Salo\u00e1. Ao mesmo tempo a fam\u00edlia agradece a parentes e amigos que comparecerem a este ato de f\u00e9 e solidariedade Crist\u00e3.<\/p>\n<div style=\"margin-top: 0px; margin-bottom: 0px;\" class=\"sharethis-inline-share-buttons\" ><\/div>","protected":false},"excerpt":{"rendered":"<p>Os filhos: L\u00facia, Dinho, Marlos, Ana, Mariss\u00f4nia e Marcos, netos e bisnetos, comunicam o falecimento de Dona Floriza Gomes, esposa do Sr. Pedro de Jaime, ocorrido na tarde deste s\u00e1bado (27), no hospital do Perp\u00e9tuo Socorro em Garanhuns. O vel\u00f3rio est\u00e1 sendo realizado na resid\u00eancia da fam\u00edlia que fica localizada na Rua Monsenhor Alfredo D\u00e2maso, [&hellip;]<\/p>\n","protected":false},"author":1,"featured_media":29568,"comment_status":"closed","ping_status":"closed","sticky":false,"template":"","format":"standard","meta":{"footnotes":""},"categories":[2],"tags":[22],"class_list":["post-29566","post","type-post","status-publish","format-standard","has-post-thumbnail","hentry","category-noticias-do-dia","tag-destaques"],"_links":{"self":[{"href":"https:\/\/www.saloanoticias.com\/v1\/wp-json\/wp\/v2\/posts\/29566","targetHints":{"allow":["GET"]}}],"collection":[{"href":"https:\/\/www.saloanoticias.com\/v1\/wp-json\/wp\/v2\/posts"}],"about":[{"href":"https:\/\/www.saloanoticias.com\/v1\/wp-json\/wp\/v2\/types\/post"}],"author":[{"embeddable":true,"href":"https:\/\/www.saloanoticias.com\/v1\/wp-json\/wp\/v2\/users\/1"}],"replies":[{"embeddable":true,"href":"https:\/\/www.saloanoticias.com\/v1\/wp-json\/wp\/v2\/comments?post=29566"}],"version-history":[{"count":2,"href":"https:\/\/www.saloanoticias.com\/v1\/wp-json\/wp\/v2\/posts\/29566\/revisions"}],"predecessor-version":[{"id":29571,"href":"https:\/\/www.saloanoticias.com\/v1\/wp-json\/wp\/v2\/posts\/29566\/revisions\/29571"}],"wp:featuredmedia":[{"embeddable":true,"href":"https:\/\/www.saloanoticias.com\/v1\/wp-json\/wp\/v2\/media\/29568"}],"wp:attachment":[{"href":"https:\/\/www.saloanoticias.com\/v1\/wp-json\/wp\/v2\/media?parent=29566"}],"wp:term":[{"taxonomy":"category","embeddable":true,"href":"https:\/\/www.saloanoticias.com\/v1\/wp-json\/wp\/v2\/categories?post=29566"},{"taxonomy":"post_tag","embeddable":true,"href":"https:\/\/www.saloanoticias.com\/v1\/wp-json\/wp\/v2\/tags?post=29566"}],"curies":[{"name":"wp","href":"https:\/\/api.w.org\/{rel}","templated":true}]}}