{"id":29562,"date":"2025-09-27T12:32:55","date_gmt":"2025-09-27T15:32:55","guid":{"rendered":"https:\/\/www.saloanoticias.com\/v1\/?p=29562"},"modified":"2025-09-27T12:32:55","modified_gmt":"2025-09-27T15:32:55","slug":"influenciadora-de-garanhuns-morre-no-dia-do-aniversario-em-acidente-na-bahia","status":"publish","type":"post","link":"https:\/\/www.saloanoticias.com\/v1\/influenciadora-de-garanhuns-morre-no-dia-do-aniversario-em-acidente-na-bahia\/","title":{"rendered":"Influenciadora de Garanhuns morre no dia do anivers\u00e1rio em acidente na Bahia"},"content":{"rendered":"\n<p>Um acidente envolvendo dois caminh\u00f5es e um carro resultou em tr\u00eas pessoas mortas na BR-116, em Feira de Santana-BA. Os mortos no acidente s\u00e3o a influenciadora\u00a0de Garanhuns, no Agreste de Pernambuco, Luana Raquel de Ara\u00fajo, o empres\u00e1rio alem\u00e3o que morava no Recife Korbinian Andreas Dengler, e o corretor de im\u00f3veis Herbson Nunes Negr\u00e3o.<\/p>\n\n\n\n<p>Luanna Ara\u00fajo morreu no dia em que completava 29 anos. A conta dela no Instagram tem mais de 93 mil seguidores. L\u00e1, compartilhava conte\u00fados sobre sua rotina, sa\u00fade, moda e viagens. O Col\u00e9gio Santa Sofia, onde ela estudou, emitiu nota de pesar.<\/p>\n\n\n\n<p>&#8220;Unimo-nos em ora\u00e7\u00e3o, pedindo a Deus que conforte o cora\u00e7\u00e3o da fam\u00edlia e de todos os que partilharam da vida e da amizade de Luanna&#8221;, diz a nota, mencionando que ela \u00e9 filha do coordenador de esportes da unidade.<\/p>\n\n\n\n<p>De apelido Bino, o alem\u00e3o Korbinian Andreas, de 36 anos, morava no Recife e era propriet\u00e1rio da rede de academias Happy Feet, com unidades em Garanhuns, Caruaru e tamb\u00e9m na Alemanha. Nas redes sociais, a academia emitiu uma nota de pesar pela morte do casal.<\/p>\n\n\n\n<p>&#8220;Nesse momento de luto unimos nossos cora\u00e7\u00f5es aos familiares e amigos, a quem estendemos nossas mais sinceras condol\u00eancias. Voc\u00eas constru\u00edram um legado de paix\u00e3o, dedica\u00e7\u00e3o e comunidade que viver\u00e1 para sempre no esp\u00edrito da Happyfit&#8221;, destaca o texto.<\/p>\n\n\n\n<p>A terceira v\u00edtima fatal foi Herbson Nunes Negr\u00e3o, de 24 anos. Ele era natural de Garraf\u00e3o do Norte-PA e s\u00f3cio de uma imobili\u00e1ria em An\u00e1polis-GO. Segundo informa\u00e7\u00f5es, ele estava no Recife a neg\u00f3cios e avaliava montar uma empresa de maquin\u00e1rios para academia com Korbinian.<\/p>\n\n\n\n<p>A imobili\u00e1ria do corretor tamb\u00e9m fez uma publica\u00e7\u00e3o lamentando a morte, destacando que ele era dedicado e competente. <em>Fonte: Di\u00e1rio de Pernambuco<\/em><\/p>\n\n\n<div class=\"wp-block-image\">\n<figure class=\"aligncenter size-full\"><img loading=\"lazy\" decoding=\"async\" width=\"984\" height=\"579\" src=\"https:\/\/www.saloanoticias.com\/v1\/wp-content\/uploads\/2025\/09\/sn-blog.jpeg\" alt=\"\" class=\"wp-image-29564\" srcset=\"https:\/\/www.saloanoticias.com\/v1\/wp-content\/uploads\/2025\/09\/sn-blog.jpeg 984w, https:\/\/www.saloanoticias.com\/v1\/wp-content\/uploads\/2025\/09\/sn-blog-300x177.jpeg 300w, https:\/\/www.saloanoticias.com\/v1\/wp-content\/uploads\/2025\/09\/sn-blog-768x452.jpeg 768w\" sizes=\"auto, (max-width: 984px) 100vw, 984px\" \/><\/figure>\n<\/div><div style=\"margin-top: 0px; margin-bottom: 0px;\" class=\"sharethis-inline-share-buttons\" ><\/div>","protected":false},"excerpt":{"rendered":"<p>Um acidente envolvendo dois caminh\u00f5es e um carro resultou em tr\u00eas pessoas mortas na BR-116, em Feira de Santana-BA. Os mortos no acidente s\u00e3o a influenciadora\u00a0de Garanhuns, no Agreste de Pernambuco, Luana Raquel de Ara\u00fajo, o empres\u00e1rio alem\u00e3o que morava no Recife Korbinian Andreas Dengler, e o corretor de im\u00f3veis Herbson Nunes Negr\u00e3o. Luanna Ara\u00fajo [&hellip;]<\/p>\n","protected":false},"author":1,"featured_media":29563,"comment_status":"closed","ping_status":"closed","sticky":false,"template":"","format":"standard","meta":{"footnotes":""},"categories":[2],"tags":[22],"class_list":["post-29562","post","type-post","status-publish","format-standard","has-post-thumbnail","hentry","category-noticias-do-dia","tag-destaques"],"_links":{"self":[{"href":"https:\/\/www.saloanoticias.com\/v1\/wp-json\/wp\/v2\/posts\/29562","targetHints":{"allow":["GET"]}}],"collection":[{"href":"https:\/\/www.saloanoticias.com\/v1\/wp-json\/wp\/v2\/posts"}],"about":[{"href":"https:\/\/www.saloanoticias.com\/v1\/wp-json\/wp\/v2\/types\/post"}],"author":[{"embeddable":true,"href":"https:\/\/www.saloanoticias.com\/v1\/wp-json\/wp\/v2\/users\/1"}],"replies":[{"embeddable":true,"href":"https:\/\/www.saloanoticias.com\/v1\/wp-json\/wp\/v2\/comments?post=29562"}],"version-history":[{"count":1,"href":"https:\/\/www.saloanoticias.com\/v1\/wp-json\/wp\/v2\/posts\/29562\/revisions"}],"predecessor-version":[{"id":29565,"href":"https:\/\/www.saloanoticias.com\/v1\/wp-json\/wp\/v2\/posts\/29562\/revisions\/29565"}],"wp:featuredmedia":[{"embeddable":true,"href":"https:\/\/www.saloanoticias.com\/v1\/wp-json\/wp\/v2\/media\/29563"}],"wp:attachment":[{"href":"https:\/\/www.saloanoticias.com\/v1\/wp-json\/wp\/v2\/media?parent=29562"}],"wp:term":[{"taxonomy":"category","embeddable":true,"href":"https:\/\/www.saloanoticias.com\/v1\/wp-json\/wp\/v2\/categories?post=29562"},{"taxonomy":"post_tag","embeddable":true,"href":"https:\/\/www.saloanoticias.com\/v1\/wp-json\/wp\/v2\/tags?post=29562"}],"curies":[{"name":"wp","href":"https:\/\/api.w.org\/{rel}","templated":true}]}}