{"id":2956,"date":"2016-10-18T18:00:00","date_gmt":"2016-10-18T18:00:00","guid":{"rendered":"https:\/\/saloanoticias.mrmediaweb.com\/v1\/2016\/10\/18\/danilo-cabral-apresenta-proposta-para-garantir-recursos-para-universidades\/"},"modified":"2016-10-18T18:00:00","modified_gmt":"2016-10-18T18:00:00","slug":"danilo-cabral-apresenta-proposta-para-garantir-recursos-para-universidades","status":"publish","type":"post","link":"https:\/\/www.saloanoticias.com\/v1\/danilo-cabral-apresenta-proposta-para-garantir-recursos-para-universidades\/","title":{"rendered":"DANILO CABRAL APRESENTA PROPOSTA QUE GARANTE RECURSOS PARA UNIVERSIDADES"},"content":{"rendered":"<p align=\"justify\"><font size=\"3\" face=\"Arial\"><a href=\"http:\/\/www.saloanoticias.com\/images\/danilocabral1.jpg\"><img loading=\"lazy\" decoding=\"async\" title=\"DaniloCabral1\" style=\"border-top: 0px; border-right: 0px; background-image: none; border-bottom: 0px; float: left; padding-top: 0px; padding-left: 0px; margin: 5px 5px 0px 0px; border-left: 0px; display: inline; padding-right: 0px\" border=\"0\" alt=\"DaniloCabral1\" src=\"http:\/\/www.saloanoticias.com\/v1\/wp-content\/uploads\/imagens\/danilocabral1_thumb.jpg\" width=\"331\" align=\"left\" height=\"221\"><\/a>A Pol\u00edtica Nacional de Assist\u00eancia Estudantil, implementada pela Uni\u00e3o, tem por finalidade apoiar os estudantes de cursos de gradua\u00e7\u00e3o presencial matriculados na rede p\u00fablica federal de educa\u00e7\u00e3o superior. Com o objetivo de inserir tal Pol\u00edtica em lei, o deputado federal Danilo Cabral (PSB\/PE) apresentou o Projeto de Lei n\u00ba 6164\/2016. Segundo o deputado, o volume de recursos envolvidos e a relev\u00e2ncia social da assist\u00eancia estudantil recomendam que essa pol\u00edtica seja inserida em diploma legal que lhe confira maior estabilidade e continuidade.<\/font><\/p>\n<p align=\"justify\"><font size=\"3\" face=\"Arial\">\u201cEsse \u00e9 o objetivo da presente proposta. Uma iniciativa que, respeitando a esfera de compet\u00eancia dos Poderes da Rep\u00fablica, promova recomend\u00e1vel associa\u00e7\u00e3o entre o Executivo e o Legislativo, para chancelar e refor\u00e7ar importante pol\u00edtica h\u00e1 tempos implementada pelo Executivo\u201d, argumenta. O parlamentar lembra que consulta \u00e0s leis or\u00e7ament\u00e1rias do Governo, informam que, desde muito tempo, houve previs\u00e3o para as diversas institui\u00e7\u00f5es de educa\u00e7\u00e3o superior a ele vinculadas, de concess\u00e3o de bolsas e de alimenta\u00e7\u00e3o subsidiada.<\/font><\/p>\n<p align=\"justify\"><font size=\"3\" face=\"Arial\">Essas a\u00e7\u00f5es foram refor\u00e7adas, a cada ano, sendo mais recentemente reunidas sob a denomina\u00e7\u00e3o de Programa Nacional de Assist\u00eancia Estudantil (PNAES), institu\u00eddo pelo MEC em 2007. \u201cO volume de recursos voltados para a assist\u00eancia estudantil, entre os anos de 2001 a 2015, cresceu cerca de 3.500%. \u00c9 oportuno, portanto, que a exemplo de outros programas federais voltados para a \u00e1rea educacional, tamb\u00e9m esse seja previsto em lei e n\u00e3o apenas em atos do Poder Executivo\u201d, destaca.<\/font><\/p>\n<p align=\"justify\"><font size=\"3\" face=\"Arial\">Para o socialista a aprova\u00e7\u00e3o da mat\u00e9ria far\u00e1 com que o Legislativo chancele e reforce importante pol\u00edtica h\u00e1 tempos implementada pelo Executivo. Al\u00e9m de n\u00e3o significar aumento de gastos, pois, de acordo com o projeto, n\u00e3o se criam novos \u00f3rg\u00e3os, cargos ou mesmo novas atribui\u00e7\u00f5es para \u00f3rg\u00e3os j\u00e1 existentes. \u201cTrata-se de pol\u00edtica j\u00e1 em execu\u00e7\u00e3o cujo regramento estar\u00e1 sendo al\u00e7ado \u00e0 categoria de lei.\u201d <\/font><font size=\"2\" face=\"Arial\"><strong>Foto: Chico Ferreira<\/strong><\/font><\/p>\n<div style=\"margin-top: 0px; margin-bottom: 0px;\" class=\"sharethis-inline-share-buttons\" ><\/div>","protected":false},"excerpt":{"rendered":"<p>A Pol\u00edtica Nacional de Assist\u00eancia Estudantil, implementada pela Uni\u00e3o, tem por finalidade apoiar os estudantes de cursos de gradua\u00e7\u00e3o presencial matriculados na rede p\u00fablica federal de educa\u00e7\u00e3o superior. Com o objetivo de inserir tal Pol\u00edtica em lei, o deputado federal Danilo Cabral (PSB\/PE) apresentou o Projeto de Lei n\u00ba 6164\/2016. Segundo o deputado, o volume [&hellip;]<\/p>\n","protected":false},"author":1,"featured_media":0,"comment_status":"open","ping_status":"open","sticky":false,"template":"","format":"standard","meta":{"footnotes":""},"categories":[2],"tags":[],"class_list":["post-2956","post","type-post","status-publish","format-standard","hentry","category-noticias-do-dia"],"_links":{"self":[{"href":"https:\/\/www.saloanoticias.com\/v1\/wp-json\/wp\/v2\/posts\/2956","targetHints":{"allow":["GET"]}}],"collection":[{"href":"https:\/\/www.saloanoticias.com\/v1\/wp-json\/wp\/v2\/posts"}],"about":[{"href":"https:\/\/www.saloanoticias.com\/v1\/wp-json\/wp\/v2\/types\/post"}],"author":[{"embeddable":true,"href":"https:\/\/www.saloanoticias.com\/v1\/wp-json\/wp\/v2\/users\/1"}],"replies":[{"embeddable":true,"href":"https:\/\/www.saloanoticias.com\/v1\/wp-json\/wp\/v2\/comments?post=2956"}],"version-history":[{"count":0,"href":"https:\/\/www.saloanoticias.com\/v1\/wp-json\/wp\/v2\/posts\/2956\/revisions"}],"wp:attachment":[{"href":"https:\/\/www.saloanoticias.com\/v1\/wp-json\/wp\/v2\/media?parent=2956"}],"wp:term":[{"taxonomy":"category","embeddable":true,"href":"https:\/\/www.saloanoticias.com\/v1\/wp-json\/wp\/v2\/categories?post=2956"},{"taxonomy":"post_tag","embeddable":true,"href":"https:\/\/www.saloanoticias.com\/v1\/wp-json\/wp\/v2\/tags?post=2956"}],"curies":[{"name":"wp","href":"https:\/\/api.w.org\/{rel}","templated":true}]}}