{"id":29556,"date":"2025-09-27T09:46:44","date_gmt":"2025-09-27T12:46:44","guid":{"rendered":"https:\/\/www.saloanoticias.com\/v1\/?p=29556"},"modified":"2025-09-27T09:53:02","modified_gmt":"2025-09-27T12:53:02","slug":"feriado-municipal-em-saloa-neste-sabado-27-em-homenagem-a-sao-vicente-de-paulo","status":"publish","type":"post","link":"https:\/\/www.saloanoticias.com\/v1\/feriado-municipal-em-saloa-neste-sabado-27-em-homenagem-a-sao-vicente-de-paulo\/","title":{"rendered":"Feriado Municipal em Salo\u00e1 neste s\u00e1bado (27) em homenagem a S\u00e3o Vicente de Paulo"},"content":{"rendered":"\n<p>Este s\u00e1bado, dia 27 de setembro, \u00e9 feriado na cidade de Salo\u00e1\/PE por conta do seu padroeiro, S\u00e3o Vicente de Paulo. A data \u00e9 marcada por grande devo\u00e7\u00e3o da comunidade cat\u00f3lica, que tradicionalmente organiza celebra\u00e7\u00f5es religiosas e momentos de confraterniza\u00e7\u00e3o para homenagear o santo, conhecido por sua vida de caridade e dedica\u00e7\u00e3o aos pobres.<\/p>\n\n\n\n<p>A programa\u00e7\u00e3o especial encerra as festividades do padroeiro com uma missa solene \u00e0s 16h, na Igreja Matriz de S\u00e3o Vicente de Paulo, reunindo fi\u00e9is de toda a cidade e comunidades vizinhas em um momento de f\u00e9 e devo\u00e7\u00e3o.<\/p>\n\n\n\n<p>Al\u00e9m do aspecto religioso, o feriado tamb\u00e9m movimenta Salo\u00e1, j\u00e1 que muitas fam\u00edlias aproveitam a data para se reunir e participar das festividades, fortalecendo os la\u00e7os culturais e comunit\u00e1rios que marcam a hist\u00f3ria do munic\u00edpio.<\/p>\n\n\n\n<p>Em Salo\u00e1, a festa de S\u00e3o Vicente de Paulo \u00e9 mais do que uma celebra\u00e7\u00e3o religiosa, \u00e9 um marco de identidade, tradi\u00e7\u00e3o e uni\u00e3o para todo o povo.<\/p>\n<div style=\"margin-top: 0px; margin-bottom: 0px;\" class=\"sharethis-inline-share-buttons\" ><\/div>","protected":false},"excerpt":{"rendered":"<p>Este s\u00e1bado, dia 27 de setembro, \u00e9 feriado na cidade de Salo\u00e1\/PE por conta do seu padroeiro, S\u00e3o Vicente de Paulo. A data \u00e9 marcada por grande devo\u00e7\u00e3o da comunidade cat\u00f3lica, que tradicionalmente organiza celebra\u00e7\u00f5es religiosas e momentos de confraterniza\u00e7\u00e3o para homenagear o santo, conhecido por sua vida de caridade e dedica\u00e7\u00e3o aos pobres. A [&hellip;]<\/p>\n","protected":false},"author":1,"featured_media":29558,"comment_status":"closed","ping_status":"closed","sticky":false,"template":"","format":"standard","meta":{"footnotes":""},"categories":[16],"tags":[22],"class_list":["post-29556","post","type-post","status-publish","format-standard","has-post-thumbnail","hentry","category-religiao","tag-destaques"],"_links":{"self":[{"href":"https:\/\/www.saloanoticias.com\/v1\/wp-json\/wp\/v2\/posts\/29556","targetHints":{"allow":["GET"]}}],"collection":[{"href":"https:\/\/www.saloanoticias.com\/v1\/wp-json\/wp\/v2\/posts"}],"about":[{"href":"https:\/\/www.saloanoticias.com\/v1\/wp-json\/wp\/v2\/types\/post"}],"author":[{"embeddable":true,"href":"https:\/\/www.saloanoticias.com\/v1\/wp-json\/wp\/v2\/users\/1"}],"replies":[{"embeddable":true,"href":"https:\/\/www.saloanoticias.com\/v1\/wp-json\/wp\/v2\/comments?post=29556"}],"version-history":[{"count":3,"href":"https:\/\/www.saloanoticias.com\/v1\/wp-json\/wp\/v2\/posts\/29556\/revisions"}],"predecessor-version":[{"id":29561,"href":"https:\/\/www.saloanoticias.com\/v1\/wp-json\/wp\/v2\/posts\/29556\/revisions\/29561"}],"wp:featuredmedia":[{"embeddable":true,"href":"https:\/\/www.saloanoticias.com\/v1\/wp-json\/wp\/v2\/media\/29558"}],"wp:attachment":[{"href":"https:\/\/www.saloanoticias.com\/v1\/wp-json\/wp\/v2\/media?parent=29556"}],"wp:term":[{"taxonomy":"category","embeddable":true,"href":"https:\/\/www.saloanoticias.com\/v1\/wp-json\/wp\/v2\/categories?post=29556"},{"taxonomy":"post_tag","embeddable":true,"href":"https:\/\/www.saloanoticias.com\/v1\/wp-json\/wp\/v2\/tags?post=29556"}],"curies":[{"name":"wp","href":"https:\/\/api.w.org\/{rel}","templated":true}]}}