{"id":29551,"date":"2025-09-25T18:53:18","date_gmt":"2025-09-25T21:53:18","guid":{"rendered":"https:\/\/www.saloanoticias.com\/v1\/?p=29551"},"modified":"2025-09-25T20:32:00","modified_gmt":"2025-09-25T23:32:00","slug":"ftnet-barcapicha-faz-historia-e-chega-a-final-da-copa-sao-pedro-de-futsal","status":"publish","type":"post","link":"https:\/\/www.saloanoticias.com\/v1\/ftnet-barcapicha-faz-historia-e-chega-a-final-da-copa-sao-pedro-de-futsal\/","title":{"rendered":"FTNet Bar\u00e7apicha faz hist\u00f3ria e chega \u00e0 final da Copa S\u00e3o Pedro de Futsal"},"content":{"rendered":"\n<p>O time FTNet Bar\u00e7apicha, representante de Salo\u00e1, alcan\u00e7ou um feito hist\u00f3rico ao garantir vaga na grande final da Copa S\u00e3o Pedro de Futsal, uma das competi\u00e7\u00f5es mais tradicionais e respeitadas do agreste meridional. A Copa S\u00e3o Pedro \u00e9 reconhecida pelo alto n\u00edvel t\u00e9cnico e pela presen\u00e7a de grandes equipes de futsal da regi\u00e3o, reunindo talentos que fazem do torneio um verdadeiro espet\u00e1culo esportivo.<\/p>\n\n\n\n<p>Estar entre os finalistas \u00e9 motivo de orgulho e comprova a for\u00e7a e a dedica\u00e7\u00e3o das equipes que participam dessa competi\u00e7\u00e3o. O FTNet Bar\u00e7apicha, ao longo do campeonato, mostrou garra, uni\u00e3o e um futsal de qualidade, conquistando vit\u00f3rias importantes e escrevendo seu nome na hist\u00f3ria da edi\u00e7\u00e3o 2025 da Copa. A chegada \u00e0 final reafirma o bom momento da equipe, que vem se destacando tamb\u00e9m em torneios fora do munic\u00edpio, levando o nome de Salo\u00e1 cada vez mais longe e mostrando a for\u00e7a do esporte local para todo o agreste meridional.<\/p>\n\n\n\n<p>Essa conquista \u00e9 fruto n\u00e3o apenas do empenho dos atletas, mas tamb\u00e9m da dedica\u00e7\u00e3o do presidente do clube, Luiz Fran\u00e7a, conhecido carinhosamente como Picha, que n\u00e3o mede esfor\u00e7os para manter a equipe estruturada e competitiva. O time tamb\u00e9m conta com o apoio fundamental dos vereadores Douglas Fran\u00e7a e Jean Fran\u00e7a, al\u00e9m de comerciantes locais que acreditam no esporte, como a Ftech, a FTNet e a Ivaldo Distribuidora, que seguem incentivando e apoiando o clube para que os resultados continuem acontecendo.<\/p>\n\n\n\n<p>Mais do que uma conquista esportiva, a classifica\u00e7\u00e3o do FTNet Bar\u00e7apicha representa a uni\u00e3o de atletas, comiss\u00e3o t\u00e9cnica, diretoria e parceiros que acreditam no potencial do futsal saloaense. Agora, todos os olhares se voltam para a grande final, onde o time promete lutar com garra e determina\u00e7\u00e3o em busca do t\u00edtulo.<\/p>\n<div style=\"margin-top: 0px; margin-bottom: 0px;\" class=\"sharethis-inline-share-buttons\" ><\/div>","protected":false},"excerpt":{"rendered":"<p>O time FTNet Bar\u00e7apicha, representante de Salo\u00e1, alcan\u00e7ou um feito hist\u00f3rico ao garantir vaga na grande final da Copa S\u00e3o Pedro de Futsal, uma das competi\u00e7\u00f5es mais tradicionais e respeitadas do agreste meridional. A Copa S\u00e3o Pedro \u00e9 reconhecida pelo alto n\u00edvel t\u00e9cnico e pela presen\u00e7a de grandes equipes de futsal da regi\u00e3o, reunindo talentos [&hellip;]<\/p>\n","protected":false},"author":1,"featured_media":29552,"comment_status":"closed","ping_status":"closed","sticky":false,"template":"","format":"standard","meta":{"footnotes":""},"categories":[27],"tags":[22],"class_list":["post-29551","post","type-post","status-publish","format-standard","has-post-thumbnail","hentry","category-esportes","tag-destaques"],"_links":{"self":[{"href":"https:\/\/www.saloanoticias.com\/v1\/wp-json\/wp\/v2\/posts\/29551","targetHints":{"allow":["GET"]}}],"collection":[{"href":"https:\/\/www.saloanoticias.com\/v1\/wp-json\/wp\/v2\/posts"}],"about":[{"href":"https:\/\/www.saloanoticias.com\/v1\/wp-json\/wp\/v2\/types\/post"}],"author":[{"embeddable":true,"href":"https:\/\/www.saloanoticias.com\/v1\/wp-json\/wp\/v2\/users\/1"}],"replies":[{"embeddable":true,"href":"https:\/\/www.saloanoticias.com\/v1\/wp-json\/wp\/v2\/comments?post=29551"}],"version-history":[{"count":2,"href":"https:\/\/www.saloanoticias.com\/v1\/wp-json\/wp\/v2\/posts\/29551\/revisions"}],"predecessor-version":[{"id":29554,"href":"https:\/\/www.saloanoticias.com\/v1\/wp-json\/wp\/v2\/posts\/29551\/revisions\/29554"}],"wp:featuredmedia":[{"embeddable":true,"href":"https:\/\/www.saloanoticias.com\/v1\/wp-json\/wp\/v2\/media\/29552"}],"wp:attachment":[{"href":"https:\/\/www.saloanoticias.com\/v1\/wp-json\/wp\/v2\/media?parent=29551"}],"wp:term":[{"taxonomy":"category","embeddable":true,"href":"https:\/\/www.saloanoticias.com\/v1\/wp-json\/wp\/v2\/categories?post=29551"},{"taxonomy":"post_tag","embeddable":true,"href":"https:\/\/www.saloanoticias.com\/v1\/wp-json\/wp\/v2\/tags?post=29551"}],"curies":[{"name":"wp","href":"https:\/\/api.w.org\/{rel}","templated":true}]}}