{"id":2955,"date":"2016-10-18T12:00:00","date_gmt":"2016-10-18T12:00:00","guid":{"rendered":"https:\/\/saloanoticias.mrmediaweb.com\/v1\/2016\/10\/18\/camara-de-saloa-tera-apenas-uma-vereadora-em-2017\/"},"modified":"2016-10-18T12:00:00","modified_gmt":"2016-10-18T12:00:00","slug":"camara-de-saloa-tera-apenas-uma-vereadora-em-2017","status":"publish","type":"post","link":"https:\/\/www.saloanoticias.com\/v1\/camara-de-saloa-tera-apenas-uma-vereadora-em-2017\/","title":{"rendered":"\u201cC\u00c2MARA DE SALO\u00c1\/PE\u201d TER\u00c1 APENAS UMA VEREADORA A PARTIR DE 2017"},"content":{"rendered":"<p align=\"justify\"><font size=\"3\" face=\"Arial\"><a href=\"http:\/\/www.saloanoticias.com\/images\/vilma-prata_17d7526d475c2d8061e3bb2fc492b5fa.jpg\"><img loading=\"lazy\" decoding=\"async\" title=\"VILMA PRATA\" style=\"border-top: 0px; border-right: 0px; background-image: none; border-bottom: 0px; float: left; padding-top: 0px; padding-left: 0px; margin: 5px 5px 0px 0px; border-left: 0px; display: inline; padding-right: 0px\" border=\"0\" alt=\"VILMA PRATA\" src=\"http:\/\/www.saloanoticias.com\/v1\/wp-content\/uploads\/imagens\/vilma-prata_thumb_e703e6d1115bae74ef63bcf444673e98.jpg\" width=\"298\" align=\"left\" height=\"201\"><\/a>A C\u00e2mara dos Vereadores de Salo\u00e1\/PE sofrer\u00e1 uma grande renova\u00e7\u00e3o a partir de janeiro de 2017, por conta do resultado das elei\u00e7\u00f5es do \u00faltimo dia 2 de outubro. Outro fato interessante \u00e9 a diminui\u00e7\u00e3o do n\u00famero de \u201cvereadoras\u201d, que na atual legislatura de 2012 a 2016 tinham 3 mulheres, e que a partir de janeiro, ter\u00e1 apenas uma, j\u00e1 que as atuais vereadores Izenilda Brand\u00e3o (PSDB) e Ana de Manezinho (PSD) n\u00e3o conseguiram renovar seus mandatos. Vilma da Prata, apesar das dificuldades chegou.<\/font>  <\/p>\n<p align=\"justify\"><font size=\"3\" face=\"Arial\">Dos onze vereadores que tomar\u00e3o posse no dia 1\u00ba de janeiro de 2017, apenas um \u00e9 do sexo feminino, o que desfalca em muito a representatividade feminina na casa Jos\u00e9 Soares de Melo. O pr\u00f3prio TSE (Tribunal Superior Eleitoral) divulgou dados na imprensa nacional demonstrando a preocupa\u00e7\u00e3o com o assunto, diminui\u00e7\u00e3o que foi percebida em quase todos os munic\u00edpio do pa\u00eds. <\/font><font size=\"3\" face=\"Arial\">Destacamos ainda o n\u00famero de novos vereadores em Salo\u00e1, e que apenas 4 dos antigos voltar\u00e3o em 2017, que s\u00e3o Tisley Vicente (PRB), Ronaldinho Birunda (PSB), Ivan do Cuema (PSDB) e Vilma da Prata (PTB). Jamel\u00e3o retorna \u00e0 C\u00e2mara e os demais estrear\u00e3o como vereador. Foto da Internet<\/font><\/p>\n<div style=\"margin-top: 0px; margin-bottom: 0px;\" class=\"sharethis-inline-share-buttons\" ><\/div>","protected":false},"excerpt":{"rendered":"<p>A C\u00e2mara dos Vereadores de Salo\u00e1\/PE sofrer\u00e1 uma grande renova\u00e7\u00e3o a partir de janeiro de 2017, por conta do resultado das elei\u00e7\u00f5es do \u00faltimo dia 2 de outubro. Outro fato interessante \u00e9 a diminui\u00e7\u00e3o do n\u00famero de \u201cvereadoras\u201d, que na atual legislatura de 2012 a 2016 tinham 3 mulheres, e que a partir de janeiro, [&hellip;]<\/p>\n","protected":false},"author":1,"featured_media":0,"comment_status":"open","ping_status":"open","sticky":false,"template":"","format":"standard","meta":{"footnotes":""},"categories":[2],"tags":[],"class_list":["post-2955","post","type-post","status-publish","format-standard","hentry","category-noticias-do-dia"],"_links":{"self":[{"href":"https:\/\/www.saloanoticias.com\/v1\/wp-json\/wp\/v2\/posts\/2955","targetHints":{"allow":["GET"]}}],"collection":[{"href":"https:\/\/www.saloanoticias.com\/v1\/wp-json\/wp\/v2\/posts"}],"about":[{"href":"https:\/\/www.saloanoticias.com\/v1\/wp-json\/wp\/v2\/types\/post"}],"author":[{"embeddable":true,"href":"https:\/\/www.saloanoticias.com\/v1\/wp-json\/wp\/v2\/users\/1"}],"replies":[{"embeddable":true,"href":"https:\/\/www.saloanoticias.com\/v1\/wp-json\/wp\/v2\/comments?post=2955"}],"version-history":[{"count":0,"href":"https:\/\/www.saloanoticias.com\/v1\/wp-json\/wp\/v2\/posts\/2955\/revisions"}],"wp:attachment":[{"href":"https:\/\/www.saloanoticias.com\/v1\/wp-json\/wp\/v2\/media?parent=2955"}],"wp:term":[{"taxonomy":"category","embeddable":true,"href":"https:\/\/www.saloanoticias.com\/v1\/wp-json\/wp\/v2\/categories?post=2955"},{"taxonomy":"post_tag","embeddable":true,"href":"https:\/\/www.saloanoticias.com\/v1\/wp-json\/wp\/v2\/tags?post=2955"}],"curies":[{"name":"wp","href":"https:\/\/api.w.org\/{rel}","templated":true}]}}