{"id":2954,"date":"2016-10-18T01:00:00","date_gmt":"2016-10-18T01:00:00","guid":{"rendered":"https:\/\/saloanoticias.mrmediaweb.com\/v1\/2016\/10\/18\/acusados-da-morte-do-promotor-de-itaiba-vao-a-juri-popular\/"},"modified":"2016-10-18T01:00:00","modified_gmt":"2016-10-18T01:00:00","slug":"acusados-da-morte-do-promotor-de-itaiba-vao-a-juri-popular","status":"publish","type":"post","link":"https:\/\/www.saloanoticias.com\/v1\/acusados-da-morte-do-promotor-de-itaiba-vao-a-juri-popular\/","title":{"rendered":"ACUSADOS DE MATAR O PROMOTOR THIAGO FARIAS DE ITA\u00cdBA V\u00c3O A JURI POPULAR"},"content":{"rendered":"<p align=\"justify\"><font size=\"3\" face=\"Arial\"><a href=\"http:\/\/www.saloanoticias.com\/images\/promotor_thiago_faria_soares_c4fbb711e7d89af307fd6f5ac80865c7.jpg\"><img loading=\"lazy\" decoding=\"async\" title=\"promotor_thiago_faria_soares\" style=\"border-top: 0px; border-right: 0px; background-image: none; border-bottom: 0px; float: left; padding-top: 0px; padding-left: 0px; margin: 5px 5px 0px 0px; border-left: 0px; display: inline; padding-right: 0px\" border=\"0\" alt=\"promotor_thiago_faria_soares\" src=\"http:\/\/www.saloanoticias.com\/v1\/wp-content\/uploads\/imagens\/promotor_thiago_faria_soares_thumb_66a584be3823fd85b53ff93f6209d9ef.jpg\" width=\"296\" align=\"left\" height=\"201\"><\/a>O julgamento do homic\u00eddio do promotor Thiago Faria Soares tem data para ocorrer: dia 24 de outubro, na sede da Justi\u00e7a Federal, na avenida Recife &#8211; Zona Oeste da capital pernambucana. Quatro acusados v\u00e3o a j\u00fari popular por participa\u00e7\u00e3o no crime, que aconteceu em 14 de outubro de 2013 no munic\u00edpio de \u00c1gua Belas, no Agreste. Ser\u00e3o julgados Jos\u00e9 Maria Pedro Rosendo Barbosa, Jos\u00e9 Maria Domingos Cavalcante, Adeildo Ferreira dos Santos e Jos\u00e9 Marisvaldo Vitor da Silva.<\/font><\/p>\n<p align=\"justify\"><font size=\"3\" face=\"Arial\">O j\u00fari ser\u00e1 presidido pela ju\u00edza federal Amanda Torres de Lucena Diniz Ara\u00fajo, titular da 4\u00aa Vara, apesar de o caso tramitar na 36\u00aa Vara. O Supremo Tribunal Federal (STF) acolheu, em agosto de 2014, o pedido do procurador-geral da Rep\u00fablica, Rodrigo Janot, para federalizar a investiga\u00e7\u00e3o. Em 15 de janeiro de 2015, o Ju\u00edzo da 36\u00aa Vara Federal, em Pernambuco, recebeu a den\u00fancia oferecida pelo Minist\u00e9rio P\u00fablico Federal (MPF). Fonte: <strong><font size=\"2\">Folha de Pernambuco<\/font><\/strong><\/font><\/p>\n<div style=\"margin-top: 0px; margin-bottom: 0px;\" class=\"sharethis-inline-share-buttons\" ><\/div>","protected":false},"excerpt":{"rendered":"<p>O julgamento do homic\u00eddio do promotor Thiago Faria Soares tem data para ocorrer: dia 24 de outubro, na sede da Justi\u00e7a Federal, na avenida Recife &#8211; Zona Oeste da capital pernambucana. Quatro acusados v\u00e3o a j\u00fari popular por participa\u00e7\u00e3o no crime, que aconteceu em 14 de outubro de 2013 no munic\u00edpio de \u00c1gua Belas, no [&hellip;]<\/p>\n","protected":false},"author":1,"featured_media":0,"comment_status":"open","ping_status":"open","sticky":false,"template":"","format":"standard","meta":{"footnotes":""},"categories":[2],"tags":[],"class_list":["post-2954","post","type-post","status-publish","format-standard","hentry","category-noticias-do-dia"],"_links":{"self":[{"href":"https:\/\/www.saloanoticias.com\/v1\/wp-json\/wp\/v2\/posts\/2954","targetHints":{"allow":["GET"]}}],"collection":[{"href":"https:\/\/www.saloanoticias.com\/v1\/wp-json\/wp\/v2\/posts"}],"about":[{"href":"https:\/\/www.saloanoticias.com\/v1\/wp-json\/wp\/v2\/types\/post"}],"author":[{"embeddable":true,"href":"https:\/\/www.saloanoticias.com\/v1\/wp-json\/wp\/v2\/users\/1"}],"replies":[{"embeddable":true,"href":"https:\/\/www.saloanoticias.com\/v1\/wp-json\/wp\/v2\/comments?post=2954"}],"version-history":[{"count":0,"href":"https:\/\/www.saloanoticias.com\/v1\/wp-json\/wp\/v2\/posts\/2954\/revisions"}],"wp:attachment":[{"href":"https:\/\/www.saloanoticias.com\/v1\/wp-json\/wp\/v2\/media?parent=2954"}],"wp:term":[{"taxonomy":"category","embeddable":true,"href":"https:\/\/www.saloanoticias.com\/v1\/wp-json\/wp\/v2\/categories?post=2954"},{"taxonomy":"post_tag","embeddable":true,"href":"https:\/\/www.saloanoticias.com\/v1\/wp-json\/wp\/v2\/tags?post=2954"}],"curies":[{"name":"wp","href":"https:\/\/api.w.org\/{rel}","templated":true}]}}