{"id":29539,"date":"2025-09-25T09:34:55","date_gmt":"2025-09-25T12:34:55","guid":{"rendered":"https:\/\/www.saloanoticias.com\/v1\/?p=29539"},"modified":"2025-09-25T14:55:04","modified_gmt":"2025-09-25T17:55:04","slug":"bispo-diocesano-marca-presenca-na-7a-noite-das-festividades-de-sao-vicente-de-paulo-em-saloa","status":"publish","type":"post","link":"https:\/\/www.saloanoticias.com\/v1\/bispo-diocesano-marca-presenca-na-7a-noite-das-festividades-de-sao-vicente-de-paulo-em-saloa\/","title":{"rendered":"Bispo Diocesano marca presen\u00e7a na 7\u00aa noite das festividades de S\u00e3o Vicente de Paulo em Salo\u00e1"},"content":{"rendered":"\n<p>A 7\u00aa noite das festividades em homenagem ao padroeiro S\u00e3o Vicente de Paulo, celebrada nesta quarta-feira (24), foi marcada por momentos de profunda f\u00e9 e manifesta\u00e7\u00f5es culturais que encantaram os moradores e visitantes da cidade.<\/p>\n\n\n\n<p>A celebra\u00e7\u00e3o religiosa teve como ponto alto a presen\u00e7a do Bispo da Diocese de Garanhuns, Dom Aguinaldo Tem\u00f3teo, que presidiu a Santa Missa na Igreja Matriz de S\u00e3o Vicente de Paulo. Em sua homilia, o bispo destacou a import\u00e2ncia do exemplo de caridade e humildade deixado pelo padroeiro, e incentivou a comunidade a seguir praticando o amor ao pr\u00f3ximo. Fi\u00e9is de v\u00e1rias comunidades rurais e urbanas compareceram em grande n\u00famero, lotando a igreja e seus arredores.<\/p>\n\n\n<div class=\"wp-block-image\">\n<figure class=\"aligncenter size-large\"><img loading=\"lazy\" decoding=\"async\" width=\"839\" height=\"1024\" src=\"https:\/\/www.saloanoticias.com\/v1\/wp-content\/uploads\/2025\/09\/IMG_8580-839x1024.jpeg\" alt=\"\" class=\"wp-image-29545\" srcset=\"https:\/\/www.saloanoticias.com\/v1\/wp-content\/uploads\/2025\/09\/IMG_8580-839x1024.jpeg 839w, https:\/\/www.saloanoticias.com\/v1\/wp-content\/uploads\/2025\/09\/IMG_8580-246x300.jpeg 246w, https:\/\/www.saloanoticias.com\/v1\/wp-content\/uploads\/2025\/09\/IMG_8580-768x938.jpeg 768w, https:\/\/www.saloanoticias.com\/v1\/wp-content\/uploads\/2025\/09\/IMG_8580.jpeg 960w\" sizes=\"auto, (max-width: 839px) 100vw, 839px\" \/><\/figure>\n<\/div>\n\n\n<p>Ap\u00f3s a celebra\u00e7\u00e3o, a programa\u00e7\u00e3o cultural teve continuidade em frente \u00e0 Matriz, onde a Banda Marcial do Educand\u00e1rio Santa M\u00f4nica se apresentou, encantando o p\u00fablico com um repert\u00f3rio variado e bem executado. A performance dos jovens m\u00fasicos arrancou aplausos e elogios, consolidando o grupo como uma das express\u00f5es art\u00edsticas mais vibrantes do munic\u00edpio.<\/p>\n\n\n\n<p>A noite foi mais uma demonstra\u00e7\u00e3o da uni\u00e3o entre f\u00e9 e cultura que marca as festividades de S\u00e3o Vicente de Paulo em Salo\u00e1, que seguem at\u00e9 o pr\u00f3ximo s\u00e1bado (27) com uma programa\u00e7\u00e3o que inclui missas, prociss\u00f5es e outras atra\u00e7\u00f5es culturais.<\/p>\n\n\n\n<figure class=\"wp-block-image size-large\"><img loading=\"lazy\" decoding=\"async\" width=\"814\" height=\"1024\" src=\"https:\/\/www.saloanoticias.com\/v1\/wp-content\/uploads\/2025\/09\/IMG_8579-814x1024.jpeg\" alt=\"\" class=\"wp-image-29543\" srcset=\"https:\/\/www.saloanoticias.com\/v1\/wp-content\/uploads\/2025\/09\/IMG_8579-814x1024.jpeg 814w, https:\/\/www.saloanoticias.com\/v1\/wp-content\/uploads\/2025\/09\/IMG_8579-239x300.jpeg 239w, https:\/\/www.saloanoticias.com\/v1\/wp-content\/uploads\/2025\/09\/IMG_8579-768x966.jpeg 768w, https:\/\/www.saloanoticias.com\/v1\/wp-content\/uploads\/2025\/09\/IMG_8579.jpeg 960w\" sizes=\"auto, (max-width: 814px) 100vw, 814px\" \/><\/figure>\n<div style=\"margin-top: 0px; margin-bottom: 0px;\" class=\"sharethis-inline-share-buttons\" ><\/div>","protected":false},"excerpt":{"rendered":"<p>A 7\u00aa noite das festividades em homenagem ao padroeiro S\u00e3o Vicente de Paulo, celebrada nesta quarta-feira (24), foi marcada por momentos de profunda f\u00e9 e manifesta\u00e7\u00f5es culturais que encantaram os moradores e visitantes da cidade. A celebra\u00e7\u00e3o religiosa teve como ponto alto a presen\u00e7a do Bispo da Diocese de Garanhuns, Dom Aguinaldo Tem\u00f3teo, que presidiu [&hellip;]<\/p>\n","protected":false},"author":1,"featured_media":29548,"comment_status":"closed","ping_status":"closed","sticky":false,"template":"","format":"standard","meta":{"footnotes":""},"categories":[16],"tags":[22],"class_list":["post-29539","post","type-post","status-publish","format-standard","has-post-thumbnail","hentry","category-religiao","tag-destaques"],"_links":{"self":[{"href":"https:\/\/www.saloanoticias.com\/v1\/wp-json\/wp\/v2\/posts\/29539","targetHints":{"allow":["GET"]}}],"collection":[{"href":"https:\/\/www.saloanoticias.com\/v1\/wp-json\/wp\/v2\/posts"}],"about":[{"href":"https:\/\/www.saloanoticias.com\/v1\/wp-json\/wp\/v2\/types\/post"}],"author":[{"embeddable":true,"href":"https:\/\/www.saloanoticias.com\/v1\/wp-json\/wp\/v2\/users\/1"}],"replies":[{"embeddable":true,"href":"https:\/\/www.saloanoticias.com\/v1\/wp-json\/wp\/v2\/comments?post=29539"}],"version-history":[{"count":5,"href":"https:\/\/www.saloanoticias.com\/v1\/wp-json\/wp\/v2\/posts\/29539\/revisions"}],"predecessor-version":[{"id":29549,"href":"https:\/\/www.saloanoticias.com\/v1\/wp-json\/wp\/v2\/posts\/29539\/revisions\/29549"}],"wp:featuredmedia":[{"embeddable":true,"href":"https:\/\/www.saloanoticias.com\/v1\/wp-json\/wp\/v2\/media\/29548"}],"wp:attachment":[{"href":"https:\/\/www.saloanoticias.com\/v1\/wp-json\/wp\/v2\/media?parent=29539"}],"wp:term":[{"taxonomy":"category","embeddable":true,"href":"https:\/\/www.saloanoticias.com\/v1\/wp-json\/wp\/v2\/categories?post=29539"},{"taxonomy":"post_tag","embeddable":true,"href":"https:\/\/www.saloanoticias.com\/v1\/wp-json\/wp\/v2\/tags?post=29539"}],"curies":[{"name":"wp","href":"https:\/\/api.w.org\/{rel}","templated":true}]}}