{"id":29533,"date":"2025-09-24T08:42:31","date_gmt":"2025-09-24T11:42:31","guid":{"rendered":"https:\/\/www.saloanoticias.com\/v1\/?p=29533"},"modified":"2025-09-26T00:04:05","modified_gmt":"2025-09-26T03:04:05","slug":"governo-de-pernambuco-divulga-convocacao-de-selecao-publica-para-1-232-profissionais-da-saude","status":"publish","type":"post","link":"https:\/\/www.saloanoticias.com\/v1\/governo-de-pernambuco-divulga-convocacao-de-selecao-publica-para-1-232-profissionais-da-saude\/","title":{"rendered":"Governo de Pernambuco divulga convoca\u00e7\u00e3o de Sele\u00e7\u00e3o P\u00fablica para 1.232 profissionais da sa\u00fade"},"content":{"rendered":"\n<p>Em mais uma a\u00e7\u00e3o de refor\u00e7o na sa\u00fade, o Governo de Pernambuco publicou, nesta quarta-feira (24), a segunda convoca\u00e7\u00e3o da Sele\u00e7\u00e3o P\u00fablica Simplificada para profissionais da \u00e1rea. Ao todo, est\u00e3o sendo chamados 1.232 profissionais de n\u00edvel t\u00e9cnico, que refor\u00e7ar\u00e3o a rede hospitalar estadual. A convoca\u00e7\u00e3o est\u00e1 no site da Secretaria de Sa\u00fade de Pernambuco (<a href=\"http:\/\/portal.saude.pe.gov.br\/\" target=\"_blank\" rel=\"noreferrer noopener\">portal.saude.pe.gov.br<\/a>) regida pela Portaria Conjunta SAD\/SES n\u00ba 119, de 10 de agosto de 2024.<\/p>\n\n\n\n<p>\u201cSeguimos firmes no nosso compromisso de fortalecer a sa\u00fade p\u00fablica de Pernambuco. Essa nova convoca\u00e7\u00e3o de mais de 1.200 profissionais \u00e9 fundamental para garantir um atendimento mais \u00e1gil, humanizado e de qualidade \u00e0 popula\u00e7\u00e3o. Estamos investindo em estrutura e no futuro da nossa rede de sa\u00fade. Firmando nosso compromisso com os pernambucanos, entregamos o Hospital da Mulher do Agreste, em Caruaru, abrimos novos leitos e garantimos a reforma de hospitais como Restaura\u00e7\u00e3o, Ot\u00e1vio de Freitas, Agamenon Magalh\u00e3es e Bar\u00e3o de Lucena&#8221;, destacou a governadora Raquel Lyra.<\/p>\n\n\n\n<p>Atrav\u00e9s da Sele\u00e7\u00e3o, foram convocados 1.155 T\u00e9cnicos de Enfermagem, 70 T\u00e9cnicos de Farm\u00e1cia e sete T\u00e9cnicos de Laborat\u00f3rio. Entre as unidades contempladas para as vagas, est\u00e3o grandes hospitais da rede estadual, como o Hospital da Restaura\u00e7\u00e3o, o Hospital Ot\u00e1vio de Freitas e o Hospital Get\u00falio Vargas, al\u00e9m do Hospital Regional Dom Moura, em Garanhuns. O processo de lota\u00e7\u00e3o levar\u00e1 em conta os crit\u00e9rios de necessidade da Secretaria de Sa\u00fade, respeitando a ordem de classifica\u00e7\u00e3o dos convocados e as prefer\u00eancias indicadas no formul\u00e1rio.<\/p>\n\n\n\n<p>&#8220;Hoje \u00e9 um dia de celebra\u00e7\u00e3o para a sa\u00fade p\u00fablica de Pernambuco. O Governo do Estado segue aumentando os recursos humanos nos nossos hospitais. Estamos felizes em anunciar a convoca\u00e7\u00e3o de 1.232 novos t\u00e9cnicos de sa\u00fade para refor\u00e7ar nossa rede hospitalar estadual. Esses profissionais v\u00e3o ajudar a melhorar a assist\u00eancia \u00e0 sa\u00fade de milhares de pernambucanos. Queremos dar as boas-vindas aos 1.155 T\u00e9cnicos de Enfermagem, 70 T\u00e9cnicos de Farm\u00e1cia e sete T\u00e9cnicos de Laborat\u00f3rio\u201d, disse a secret\u00e1ria de Sa\u00fade, Zilda Cavalcanti.<\/p>\n\n\n\n<p>Os selecionados receber\u00e3o notifica\u00e7\u00e3o por meio do e-mail informado na inscri\u00e7\u00e3o, onde estar\u00e1 dispon\u00edvel o link de acesso ao formul\u00e1rio eletr\u00f4nico para envio da documenta\u00e7\u00e3o e indica\u00e7\u00e3o da ordem de prefer\u00eancia das unidades de lota\u00e7\u00e3o. Segundo a Secretaria de Sa\u00fade, os convocados ter\u00e3o duas oportunidades para o envio da documenta\u00e7\u00e3o. A primeira dever\u00e1 ser realizada diretamente pelo formul\u00e1rio eletr\u00f4nico. Caso sejam identificadas pend\u00eancias, os candidatos ter\u00e3o um novo prazo para reenviar os documentos.<\/p>\n\n\n\n<p>O cronograma do processo estabelece que o envio da documenta\u00e7\u00e3o deve ser realizado entre os dias 25 de setembro e 1\u00ba de outubro de 2025. J\u00e1 o prazo para a regulariza\u00e7\u00e3o de pend\u00eancias ser\u00e1 de 2 a 7 de outubro. Em seguida, a comiss\u00e3o ficar\u00e1 respons\u00e1vel pela an\u00e1lise dos documentos no per\u00edodo de 8 a 14 de outubro, com a divulga\u00e7\u00e3o da lota\u00e7\u00e3o aos convocados marcada para o dia 17 de outubro de 2025, por meio de e-mail. Para esclarecimentos, os candidatos podem entrar em contato pelos telefones (81) 3184-0044 ou 3184-0329 (Selecon\/SES). <em>Fotos: Phillipe Jonathan\/SES-PE<\/em><\/p>\n<div style=\"margin-top: 0px; margin-bottom: 0px;\" class=\"sharethis-inline-share-buttons\" ><\/div>","protected":false},"excerpt":{"rendered":"<p>Em mais uma a\u00e7\u00e3o de refor\u00e7o na sa\u00fade, o Governo de Pernambuco publicou, nesta quarta-feira (24), a segunda convoca\u00e7\u00e3o da Sele\u00e7\u00e3o P\u00fablica Simplificada para profissionais da \u00e1rea. Ao todo, est\u00e3o sendo chamados 1.232 profissionais de n\u00edvel t\u00e9cnico, que refor\u00e7ar\u00e3o a rede hospitalar estadual. A convoca\u00e7\u00e3o est\u00e1 no site da Secretaria de Sa\u00fade de Pernambuco (portal.saude.pe.gov.br) [&hellip;]<\/p>\n","protected":false},"author":1,"featured_media":29534,"comment_status":"closed","ping_status":"closed","sticky":false,"template":"","format":"standard","meta":{"footnotes":""},"categories":[18],"tags":[22],"class_list":["post-29533","post","type-post","status-publish","format-standard","has-post-thumbnail","hentry","category-saude","tag-destaques"],"_links":{"self":[{"href":"https:\/\/www.saloanoticias.com\/v1\/wp-json\/wp\/v2\/posts\/29533","targetHints":{"allow":["GET"]}}],"collection":[{"href":"https:\/\/www.saloanoticias.com\/v1\/wp-json\/wp\/v2\/posts"}],"about":[{"href":"https:\/\/www.saloanoticias.com\/v1\/wp-json\/wp\/v2\/types\/post"}],"author":[{"embeddable":true,"href":"https:\/\/www.saloanoticias.com\/v1\/wp-json\/wp\/v2\/users\/1"}],"replies":[{"embeddable":true,"href":"https:\/\/www.saloanoticias.com\/v1\/wp-json\/wp\/v2\/comments?post=29533"}],"version-history":[{"count":2,"href":"https:\/\/www.saloanoticias.com\/v1\/wp-json\/wp\/v2\/posts\/29533\/revisions"}],"predecessor-version":[{"id":29555,"href":"https:\/\/www.saloanoticias.com\/v1\/wp-json\/wp\/v2\/posts\/29533\/revisions\/29555"}],"wp:featuredmedia":[{"embeddable":true,"href":"https:\/\/www.saloanoticias.com\/v1\/wp-json\/wp\/v2\/media\/29534"}],"wp:attachment":[{"href":"https:\/\/www.saloanoticias.com\/v1\/wp-json\/wp\/v2\/media?parent=29533"}],"wp:term":[{"taxonomy":"category","embeddable":true,"href":"https:\/\/www.saloanoticias.com\/v1\/wp-json\/wp\/v2\/categories?post=29533"},{"taxonomy":"post_tag","embeddable":true,"href":"https:\/\/www.saloanoticias.com\/v1\/wp-json\/wp\/v2\/tags?post=29533"}],"curies":[{"name":"wp","href":"https:\/\/api.w.org\/{rel}","templated":true}]}}